{"id":60513,"date":"2025-05-12T13:08:49","date_gmt":"2025-05-12T17:08:49","guid":{"rendered":"https:\/\/www.brazilianpress.com\/v1\/?p=60513"},"modified":"2025-05-12T13:08:49","modified_gmt":"2025-05-12T17:08:49","slug":"governador-valadares-como-as-deportacoes-massivas-de-trump-ja-afetam-a-economia-da-maior-exportadora-brasileira-de-imigrantes","status":"publish","type":"post","link":"https:\/\/www.brazilianpress.com\/v1\/2025\/05\/12\/governador-valadares-como-as-deportacoes-massivas-de-trump-ja-afetam-a-economia-da-maior-exportadora-brasileira-de-imigrantes\/","title":{"rendered":"Governador Valadares: Como as deporta\u00e7\u00f5es massivas de Trump j\u00e1 afetam a economia da maior &#8220;exportadora&#8221; brasileira de imigrantes"},"content":{"rendered":"<p><strong>Governador Valadares, cidade mineira a centenas de quil\u00f4metros do litoral e de aeroportos internacionais, consolidou-se como a principal &#8220;exportadora&#8221; de imigrantes do Brasil. Com ruas repletas de ag\u00eancias de viagens especializadas em envio de pessoas ao exterior e lojas exibindo bandeiras dos EUA, o munic\u00edpio de 257 mil habitantes construiu, ao longo de d\u00e9cadas, uma economia movida pelo sonho americano \u2014 alimentando tamb\u00e9m uma rede ilegal de coiotes que lucram com o contrabando de migrantes.<\/strong><\/p>\n<p>Agora, por\u00e9m, o fluxo que sustentou a regi\u00e3o est\u00e1 sob amea\u00e7a. Com as pol\u00edticas anti-imigra\u00e7\u00e3o do presidente Donald Trump e o aumento das deporta\u00e7\u00f5es, muitos valadarenses est\u00e3o reconsiderando a jornada.<\/p>\n<p><img src=\"https:\/\/s2-oglobo.glbimg.com\/WIRM_f4HV4hT6clWFZbZ8FSRvdA=\/0x0:2200x1468\/984x0\/smart\/filters:strip_icc()\/i.s3.glbimg.com\/v1\/AUTH_da025474c0c44edd99332dddb09cabe8\/internal_photos\/bs\/2025\/M\/k\/PqrlOmRjS6tKfaOXZlgQ\/432101103.jpg\" alt=\"Gilmar Mesquita foi deportado de volta ao Brasil em fevereiro \u2014 Foto: Ana Caroline de Lima\/Bloomberg\" \/><\/p>\n<p>&#8220;Tudo est\u00e1 parado, ningu\u00e9m quer tentar&#8221;, relata Gilmar Mesquita, 43, deportado em fevereiro ap\u00f3s uma frustrada tentativa de chegar aos EUA por mar. &#8220;At\u00e9 os coiotes est\u00e3o fugindo.&#8221;<\/p>\n<p><strong>De &#8220;Valad\u00f3lares&#8221; \u00e0 reintegra\u00e7\u00e3o<\/strong><\/p>\n<p>A cidade, apelidada de &#8220;Valad\u00f3lares&#8221; devido ao dinheiro enviado por imigrantes, tenta receber os deportados com programas de apoio. An\u00fancios espalhados pelas ruas dizem: &#8220;Seu retorno \u00e9 o in\u00edcio de uma nova hist\u00f3ria&#8221;. A prefeitura oferece assist\u00eancia psicol\u00f3gica, ajuda na regulariza\u00e7\u00e3o documental e acesso a empregos, embora n\u00e3o divulgue n\u00fameros sobre a ades\u00e3o.<\/p>\n<p><img src=\"https:\/\/s2-oglobo.glbimg.com\/nbO0WWMtAfhUPASyjG1qNXbn09Y=\/0x0:2200x1468\/984x0\/smart\/filters:strip_icc()\/i.s3.glbimg.com\/v1\/AUTH_da025474c0c44edd99332dddb09cabe8\/internal_photos\/bs\/2025\/Y\/P\/fQ08x0R4imzz7q5UYNqQ\/432100889.jpg\" alt=\"Sandro Fonseca \u00e9 prefeito de Governador Valadares \u2014 Foto: Ana Caroline de Lima\/Bloomberg\" \/><\/p>\n<p>O prefeito Sandro Fonseca reconhece a d\u00edvida hist\u00f3rica com os pioneiros da migra\u00e7\u00e3o \u2014 estima-se que 60 mil valadarenses vivam nos EUA, muitos sem documentos. &#8220;Temos que agradecer a esses pioneiros&#8221;, afirma. Apesar disso, pesquisadores questionam o impacto real das remessas: enquanto a prefeitura fala em US$ 2 milh\u00f5es di\u00e1rios, especialistas acreditam que o valor seja menor.<\/p>\n<p><strong>Crise nas rotas ilegais<\/strong><\/p>\n<p>A queda na migra\u00e7\u00e3o reflete-se tamb\u00e9m no combate ao tr\u00e1fico humano. Em fevereiro, a Pol\u00edcia Federal prendeu 14 pessoas e bloqueou R$7,5 milh\u00f5es de quadrilha que enviou quase 700 brasileiros aos EUA, via M\u00e9xico . O servi\u00e7o, que custa em m\u00e9dia US$ 20 mil por pessoa, enfrenta desconfian\u00e7a crescente. &#8220;Imagina pagar tudo isso para ser deportado?&#8221;, questiona Ryan Alves, 19, que desistiu do plano de emigrar.<\/p>\n<p><img src=\"https:\/\/s2-oglobo.glbimg.com\/z28rne4RR2kZz0nD8rjOLFMdX_U=\/0x0:3477x2394\/984x0\/smart\/filters:strip_icc()\/i.s3.glbimg.com\/v1\/AUTH_da025474c0c44edd99332dddb09cabe8\/internal_photos\/bs\/2025\/K\/y\/VMrqecRlenjzGwNgBP0A\/432101219.jpg\" alt=\"As conex\u00f5es entre Governador Valadares e os EUA podem ser encontradas em todos os cantos da cidade \u2014 Foto: Ana Caroline de Lima\/Bloomberg\" \/><\/p>\n<p>Para os que retornam, o desafio \u00e9 reconstruir a vida. Sandra Souza, 36, foi deportada sem aviso ap\u00f3s quatro anos na Fl\u00f3rida, onde buscava tratamento para o filho autista. &#8220;Me senti enganada&#8221;, diz, enquanto reforma sua casa em Itambacuri, cidade pr\u00f3xima a Valadares, com as economias trazidas dos EUA.<\/p>\n<p><img src=\"https:\/\/s2-oglobo.glbimg.com\/kNqDKfiL9UTR1VLZ0xy_4NACY0I=\/0x0:2200x1468\/984x0\/smart\/filters:strip_icc()\/i.s3.glbimg.com\/v1\/AUTH_da025474c0c44edd99332dddb09cabe8\/internal_photos\/bs\/2025\/Q\/L\/nEZ2pKRdO5QltnhbflGw\/432101661.jpg\" alt=\"Sandra Souza foi deportada de volta ao Brasil sem aviso pr\u00e9vio ap\u00f3s morar na Fl\u00f3rida por quatro anos \u2014 Foto: Ana Caroline de Lima\/Bloomberg\" \/><\/p>\n<p><strong>O futuro incerto<\/strong><\/p>\n<p>Com voos de deporta\u00e7\u00e3o chegando ao Brasil e o governo americano endurecendo as regras, Valadares vive uma ironia: enquanto parte da popula\u00e7\u00e3o ainda apoia Trump, outros veem o sonho americano se esvair. &#8220;A nova pol\u00edtica de l\u00e1 \u00e9 assustadora&#8221;, resume Jo\u00e3o Victor Alves, 26, deportado ap\u00f3s tentar cruzar a fronteira pelo M\u00e9xico.<\/p>\n<p><img src=\"https:\/\/s2-oglobo.glbimg.com\/RFMQn7aVJ64lNeymqRlIX6rNETI=\/0x0:2200x1468\/984x0\/smart\/filters:strip_icc()\/i.s3.glbimg.com\/v1\/AUTH_da025474c0c44edd99332dddb09cabe8\/internal_photos\/bs\/2025\/S\/F\/JLcE8nRQiPcq5lXyJ3GQ\/432101961.jpg\" alt=\"Jo\u00e3o Victor Batista Alves foi enviado de volta ao Brasil ap\u00f3s seu pedido de asilo ter sido negado na fronteira dos EUA \u2014 Foto: Ana Caroline de Lima\/Bloomberg\" \/><\/p>\n<p>Enquanto isso, a cidade tenta se adaptar \u2014 seja recebendo os que voltam, seja buscando alternativas para uma economia que, por d\u00e9cadas, dependeu do d\u00f3lar que vinha de longe.<\/p>\n<p><img src=\"https:\/\/s2-oglobo.glbimg.com\/DAUcLeCSyhnlBnHdjVnTi-oaKsI=\/0x0:2200x1236\/984x0\/smart\/filters:strip_icc()\/i.s3.glbimg.com\/v1\/AUTH_da025474c0c44edd99332dddb09cabe8\/internal_photos\/bs\/2025\/1\/S\/3F4o4xQYmdqgOlNCt0Rg\/432102717.jpg\" alt=\"Em Governador Valadares, a prefeitura busca oferecer atendimento mais especializado para a reintegra\u00e7\u00e3o dos moradores \u2014 Foto: Ana Caroline de Lima\/Bloomberg\" \/><\/p>\n","protected":false},"excerpt":{"rendered":"<p>Governador Valadares, cidade mineira a centenas de quil\u00f4metros do litoral e de aeroportos internacionais, consolidou-se como a principal &#8220;exportadora&#8221; de imigrantes do Brasil. Com ruas repletas de ag\u00eancias de viagens especializadas em envio de pessoas ao exterior e lojas exibindo bandeiras dos EUA, o munic\u00edpio de 257 mil habitantes construiu, ao longo de d\u00e9cadas, uma economia movida pelo sonho americano \u2014 alimentando tamb\u00e9m uma rede ilegal de coiotes que lucram com o contrabando de migrantes. Agora, por\u00e9m, o fluxo que sustentou a regi\u00e3o est\u00e1 sob amea\u00e7a. Com as pol\u00edticas anti-imigra\u00e7\u00e3o do presidente Donald Trump e o aumento das deporta\u00e7\u00f5es, muitos [&hellip;]<\/p>\n","protected":false},"author":1,"featured_media":60514,"comment_status":"open","ping_status":"closed","sticky":false,"template":"","format":"standard","meta":{"_links_to":"","_links_to_target":""},"categories":[7,3,1],"tags":[],"views":1898,"_links":{"self":[{"href":"https:\/\/www.brazilianpress.com\/v1\/wp-json\/wp\/v2\/posts\/60513"}],"collection":[{"href":"https:\/\/www.brazilianpress.com\/v1\/wp-json\/wp\/v2\/posts"}],"about":[{"href":"https:\/\/www.brazilianpress.com\/v1\/wp-json\/wp\/v2\/types\/post"}],"author":[{"embeddable":true,"href":"https:\/\/www.brazilianpress.com\/v1\/wp-json\/wp\/v2\/users\/1"}],"replies":[{"embeddable":true,"href":"https:\/\/www.brazilianpress.com\/v1\/wp-json\/wp\/v2\/comments?post=60513"}],"version-history":[{"count":1,"href":"https:\/\/www.brazilianpress.com\/v1\/wp-json\/wp\/v2\/posts\/60513\/revisions"}],"predecessor-version":[{"id":60515,"href":"https:\/\/www.brazilianpress.com\/v1\/wp-json\/wp\/v2\/posts\/60513\/revisions\/60515"}],"wp:featuredmedia":[{"embeddable":true,"href":"https:\/\/www.brazilianpress.com\/v1\/wp-json\/wp\/v2\/media\/60514"}],"wp:attachment":[{"href":"https:\/\/www.brazilianpress.com\/v1\/wp-json\/wp\/v2\/media?parent=60513"}],"wp:term":[{"taxonomy":"category","embeddable":true,"href":"https:\/\/www.brazilianpress.com\/v1\/wp-json\/wp\/v2\/categories?post=60513"},{"taxonomy":"post_tag","embeddable":true,"href":"https:\/\/www.brazilianpress.com\/v1\/wp-json\/wp\/v2\/tags?post=60513"}],"curies":[{"name":"wp","href":"https:\/\/api.w.org\/{rel}","templated":true}]}}