{"id":60554,"date":"2025-05-14T14:02:11","date_gmt":"2025-05-14T18:02:11","guid":{"rendered":"https:\/\/www.brazilianpress.com\/v1\/?p=60554"},"modified":"2025-05-14T14:02:11","modified_gmt":"2025-05-14T18:02:11","slug":"idade-para-a-contratacao-de-guardas-prisionais-em-new-york-sera-reduzida-para-18-anos-devido-a-escassez-de-pessoal","status":"publish","type":"post","link":"https:\/\/www.brazilianpress.com\/v1\/2025\/05\/14\/idade-para-a-contratacao-de-guardas-prisionais-em-new-york-sera-reduzida-para-18-anos-devido-a-escassez-de-pessoal\/","title":{"rendered":"Idade para a contrata\u00e7\u00e3o de guardas prisionais em New York ser\u00e1 reduzida para 18 anos devido \u00e0 escassez de pessoal"},"content":{"rendered":"<p><strong>New York deve reduzir a idade m\u00ednima de contrata\u00e7\u00e3o de guardas prisionais de 21 para 18 anos, buscando refor\u00e7ar o quadro de agentes penitenci\u00e1rios por causa da escassez agravada pela demiss\u00e3o de mais de 2.000 guardas ap\u00f3s uma greve de uma semana que paralisou o sistema prisional do estado.<\/strong><\/p>\n<p>Os legisladores estaduais aprovaram a medida na quarta-feira, e a governadora democrata Kathy Hochul deve sancion\u00e1-la.<\/p>\n<p>O projeto de lei estabelece diversas regras para guardas juniores, incluindo a proibi\u00e7\u00e3o de obter ou usar armas de fogo ou transportar presos para fora das pris\u00f5es. Eles tamb\u00e9m devem ser supervisionados ao desempenhar tarefas de contato com presos durante o primeiro ano e meio de servi\u00e7o.<\/p>\n<p>A iniciativa para reduzir a idade dos guardas prisionais surgiu depois que os guardas deixaram o cargo em fevereiro em protesto contra as m\u00e1s condi\u00e7\u00f5es de trabalho. Hochul foi for\u00e7ada a enviar a Guarda Nacional estadual \u00e0s pris\u00f5es para manter as opera\u00e7\u00f5es durante a greve.<\/p>\n<p>O governador acabou demitindo mais de 2.000 guardas que se recusaram a voltar ao trabalho depois que o estado e o sindicato dos guardas chegaram a um acordo para encerrar a greve, que durou cerca de tr\u00eas semanas. Hochul proibiu os guardas demitidos de ocuparem outros cargos estaduais no futuro.<\/p>\n<p>Desde ent\u00e3o, o comiss\u00e1rio correcional do estado ordenou que o departamento iniciasse o processo de liberta\u00e7\u00e3o antecipada de alguns presos devido \u00e0 escassez de guardas. No entanto, as liberta\u00e7\u00f5es antecipadas foram limitadas a presos condenados por delitos menores, cuja liberta\u00e7\u00e3o estava prevista para breve. De acordo com a ag\u00eancia, presos condenados por crimes sexuais, crimes violentos ou crimes graves, como assassinato, terrorismo e inc\u00eandio criminoso, n\u00e3o teriam direito \u00e0 liberta\u00e7\u00e3o antecipada.<\/p>\n<p>A greve ocorre ap\u00f3s o espancamento de Robert Brooks em uma pris\u00e3o no interior de New York em dezembro, que foi capturado pelas c\u00e2meras corporais dos guardas e levou a acusa\u00e7\u00f5es contra mais de uma d\u00fazia de pessoas.<\/p>\n","protected":false},"excerpt":{"rendered":"<p>New York deve reduzir a idade m\u00ednima de contrata\u00e7\u00e3o de guardas prisionais de 21 para 18 anos, buscando refor\u00e7ar o quadro de agentes penitenci\u00e1rios por causa da escassez agravada pela demiss\u00e3o de mais de 2.000 guardas ap\u00f3s uma greve de uma semana que paralisou o sistema prisional do estado. Os legisladores estaduais aprovaram a medida na quarta-feira, e a governadora democrata Kathy Hochul deve sancion\u00e1-la. O projeto de lei estabelece diversas regras para guardas juniores, incluindo a proibi\u00e7\u00e3o de obter ou usar armas de fogo ou transportar presos para fora das pris\u00f5es. Eles tamb\u00e9m devem ser supervisionados ao desempenhar tarefas [&hellip;]<\/p>\n","protected":false},"author":1,"featured_media":60555,"comment_status":"open","ping_status":"closed","sticky":false,"template":"","format":"standard","meta":{"_links_to":"","_links_to_target":""},"categories":[3,1,10],"tags":[],"views":674,"_links":{"self":[{"href":"https:\/\/www.brazilianpress.com\/v1\/wp-json\/wp\/v2\/posts\/60554"}],"collection":[{"href":"https:\/\/www.brazilianpress.com\/v1\/wp-json\/wp\/v2\/posts"}],"about":[{"href":"https:\/\/www.brazilianpress.com\/v1\/wp-json\/wp\/v2\/types\/post"}],"author":[{"embeddable":true,"href":"https:\/\/www.brazilianpress.com\/v1\/wp-json\/wp\/v2\/users\/1"}],"replies":[{"embeddable":true,"href":"https:\/\/www.brazilianpress.com\/v1\/wp-json\/wp\/v2\/comments?post=60554"}],"version-history":[{"count":1,"href":"https:\/\/www.brazilianpress.com\/v1\/wp-json\/wp\/v2\/posts\/60554\/revisions"}],"predecessor-version":[{"id":60556,"href":"https:\/\/www.brazilianpress.com\/v1\/wp-json\/wp\/v2\/posts\/60554\/revisions\/60556"}],"wp:featuredmedia":[{"embeddable":true,"href":"https:\/\/www.brazilianpress.com\/v1\/wp-json\/wp\/v2\/media\/60555"}],"wp:attachment":[{"href":"https:\/\/www.brazilianpress.com\/v1\/wp-json\/wp\/v2\/media?parent=60554"}],"wp:term":[{"taxonomy":"category","embeddable":true,"href":"https:\/\/www.brazilianpress.com\/v1\/wp-json\/wp\/v2\/categories?post=60554"},{"taxonomy":"post_tag","embeddable":true,"href":"https:\/\/www.brazilianpress.com\/v1\/wp-json\/wp\/v2\/tags?post=60554"}],"curies":[{"name":"wp","href":"https:\/\/api.w.org\/{rel}","templated":true}]}}