{"id":60557,"date":"2025-05-14T14:08:15","date_gmt":"2025-05-14T18:08:15","guid":{"rendered":"https:\/\/www.brazilianpress.com\/v1\/?p=60557"},"modified":"2025-05-14T14:08:15","modified_gmt":"2025-05-14T18:08:15","slug":"urgente-brasileiro-morador-de-new-jersey-desapareceu-no-oregon-familiares-pedem-informacoes","status":"publish","type":"post","link":"https:\/\/www.brazilianpress.com\/v1\/2025\/05\/14\/urgente-brasileiro-morador-de-new-jersey-desapareceu-no-oregon-familiares-pedem-informacoes\/","title":{"rendered":"Urgente: Brasileiro morador de New Jersey desapareceu no Oregon. Familiares pedem informa\u00e7\u00f5es"},"content":{"rendered":"<p><strong>Gean D. Scheuer, 35 anos, conhecido na comunidade de constru\u00e7\u00e3o civil em Nova Jersey, desapareceu durante uma viagem com amigos no Oregon. Ele foi visto pela \u00faltima vez na manh\u00e3 de ter\u00e7a-feira (13), quando saiu para &#8220;dar uma volta&#8221; ao volante de um Honda Accord cinza, emprestado por um amigo. Desde ent\u00e3o, n\u00e3o houve contato, e familiares temem por sua seguran\u00e7a.<\/strong><\/p>\n<p>Segundo relatos, Scheuer estava de passagem pelo estado do Noroeste, mas reside em NJ, onde \u00e9 bem relacionado profissionalmente. &#8220;Ele n\u00e3o responde a chamadas ou mensagens, o que \u00e9 totalmente fora do normal&#8221;, afirmou Vinny Scheuer, irm\u00e3o de Gean, em entrevista por telefone. &#8220;Algu\u00e9m pode t\u00ea-lo visto na estrada ou em postos de gasolina. Qualquer pista \u00e9 crucial.&#8221;<\/p>\n<p><img src=\"https:\/\/i.imgur.com\/3i8wFos.jpeg\" \/><\/p>\n<p>A pol\u00edcia local j\u00e1 foi acionada e investiga o caso, mas a fam\u00edlia pede que o p\u00fablico fique atento. O ve\u00edculo em que Gean estava tem placa do Oregon, mas suspeita-se que ele possa estar retornando a Nova Jersey por via terrestre. Quem tiver informa\u00e7\u00f5es sobre o paradeiro de Gean Scheuer deve entrar em contato imediatamente com Vinny pelo n\u00famero <span style=\"color: #ff0000;\"><strong>(551) 221-3383<\/strong><\/span>. &#8220;Estamos rezando por ele. Precisamos traz\u00ea-lo para casa em seguran\u00e7a&#8221;, desabafou o irm\u00e3o. Compartilhe esta not\u00edcia \u2013 detalhes m\u00ednimos podem ser a chave para encontr\u00e1-lo.<\/p>\n","protected":false},"excerpt":{"rendered":"<p>Gean D. Scheuer, 35 anos, conhecido na comunidade de constru\u00e7\u00e3o civil em Nova Jersey, desapareceu durante uma viagem com amigos no Oregon. Ele foi visto pela \u00faltima vez na manh\u00e3 de ter\u00e7a-feira (13), quando saiu para &#8220;dar uma volta&#8221; ao volante de um Honda Accord cinza, emprestado por um amigo. Desde ent\u00e3o, n\u00e3o houve contato, e familiares temem por sua seguran\u00e7a. Segundo relatos, Scheuer estava de passagem pelo estado do Noroeste, mas reside em NJ, onde \u00e9 bem relacionado profissionalmente. &#8220;Ele n\u00e3o responde a chamadas ou mensagens, o que \u00e9 totalmente fora do normal&#8221;, afirmou Vinny Scheuer, irm\u00e3o de Gean, [&hellip;]<\/p>\n","protected":false},"author":1,"featured_media":60558,"comment_status":"open","ping_status":"closed","sticky":false,"template":"","format":"standard","meta":{"_links_to":"","_links_to_target":""},"categories":[4,3,1],"tags":[],"views":904,"_links":{"self":[{"href":"https:\/\/www.brazilianpress.com\/v1\/wp-json\/wp\/v2\/posts\/60557"}],"collection":[{"href":"https:\/\/www.brazilianpress.com\/v1\/wp-json\/wp\/v2\/posts"}],"about":[{"href":"https:\/\/www.brazilianpress.com\/v1\/wp-json\/wp\/v2\/types\/post"}],"author":[{"embeddable":true,"href":"https:\/\/www.brazilianpress.com\/v1\/wp-json\/wp\/v2\/users\/1"}],"replies":[{"embeddable":true,"href":"https:\/\/www.brazilianpress.com\/v1\/wp-json\/wp\/v2\/comments?post=60557"}],"version-history":[{"count":1,"href":"https:\/\/www.brazilianpress.com\/v1\/wp-json\/wp\/v2\/posts\/60557\/revisions"}],"predecessor-version":[{"id":60559,"href":"https:\/\/www.brazilianpress.com\/v1\/wp-json\/wp\/v2\/posts\/60557\/revisions\/60559"}],"wp:featuredmedia":[{"embeddable":true,"href":"https:\/\/www.brazilianpress.com\/v1\/wp-json\/wp\/v2\/media\/60558"}],"wp:attachment":[{"href":"https:\/\/www.brazilianpress.com\/v1\/wp-json\/wp\/v2\/media?parent=60557"}],"wp:term":[{"taxonomy":"category","embeddable":true,"href":"https:\/\/www.brazilianpress.com\/v1\/wp-json\/wp\/v2\/categories?post=60557"},{"taxonomy":"post_tag","embeddable":true,"href":"https:\/\/www.brazilianpress.com\/v1\/wp-json\/wp\/v2\/tags?post=60557"}],"curies":[{"name":"wp","href":"https:\/\/api.w.org\/{rel}","templated":true}]}}