{"id":60615,"date":"2025-05-21T17:22:39","date_gmt":"2025-05-21T21:22:39","guid":{"rendered":"https:\/\/www.brazilianpress.com\/v1\/?p=60615"},"modified":"2025-05-21T17:22:39","modified_gmt":"2025-05-21T21:22:39","slug":"inquestionavelmente-violenta-diz-juiz-federal-sobre-voo-de-deportacao-para-o-sudao-do-sul-regras-foram-ignoradas","status":"publish","type":"post","link":"https:\/\/www.brazilianpress.com\/v1\/2025\/05\/21\/inquestionavelmente-violenta-diz-juiz-federal-sobre-voo-de-deportacao-para-o-sudao-do-sul-regras-foram-ignoradas\/","title":{"rendered":"&#8220;Inquestionavelmente violenta&#8221;, diz juiz federal sobre voo de deporta\u00e7\u00e3o para o Sud\u00e3o do Sul. Regras foram &#8220;ignoradas&#8221;"},"content":{"rendered":"<p><strong>Um juiz federal dos Estados Unidos acusou o governo do ex-presidente Donald Trump de agir de forma &#8220;inquestionavelmente violenta&#8221; ao deportar um grupo de migrantes para um destino n\u00e3o confirmado, possivelmente o Sud\u00e3o do Sul, na \u00c1frica. A declara\u00e7\u00e3o do juiz Brian Murphy, da Corte Distrital de Massachusetts, ocorreu ap\u00f3s um voo de deporta\u00e7\u00e3o decolar na ter\u00e7a-feira, apesar de uma liminar que garantia aos migrantes o direito de contestar suas remo\u00e7\u00f5es.<\/strong><\/p>\n<p>O magistrado ainda n\u00e3o decidiu quais medidas tomar\u00e1 contra a aparente viola\u00e7\u00e3o de sua ordem, emitida em 18 de abril, que determinava que os migrantes teriam um prazo m\u00ednimo de 15 dias para questionar legalmente suas deporta\u00e7\u00f5es. No entanto, ele destacou que as pessoas removidas no voo de ter\u00e7a-feira n\u00e3o tiveram tempo h\u00e1bil para exercer esse direito, configurando uma viola\u00e7\u00e3o ao devido processo legal.<\/p>\n<p><img src=\"https:\/\/i.imgur.com\/WjTCu0c.jpeg\" \/><\/p>\n<p><strong>Governo Defende Opera\u00e7\u00e3o e Acusa Juiz de &#8220;Ativismo&#8221;<\/strong><\/p>\n<p>Em resposta, representantes do governo Trump defenderam a deporta\u00e7\u00e3o, classificando os migrantes como criminosos perigosos. Todd Lyons, diretor interino da Imigra\u00e7\u00e3o e Alf\u00e2ndega (ICE), afirmou que os deportados tinham acusa\u00e7\u00f5es de assassinato, estupro e assalto armado. &#8220;Seus pa\u00edses de origem se recusaram a receb\u00ea-los&#8221;, disse Lyons, referindo-se \u00e0s na\u00e7\u00f5es como &#8220;recalcitrantes&#8221;.<\/p>\n<p>J\u00e1 Tricia McLaughlin, porta-voz do Departamento de Seguran\u00e7a Interna (DHS), descreveu a opera\u00e7\u00e3o como uma medida de &#8220;seguran\u00e7a diplom\u00e1tica e militar&#8221;. Ela negou que o Sud\u00e3o do Sul fosse o destino final dos deportados, sugerindo que o avi\u00e3o poderia ter feito escalas em outros pa\u00edses. &#8220;N\u00e3o podemos confirmar onde est\u00e3o agora devido a quest\u00f5es de seguran\u00e7a&#8221;, afirmou.<\/p>\n<p>McLaughlin tamb\u00e9m criticou o juiz Murphy, chamando-o de &#8220;ativista&#8221; e acusando-o de interferir na pol\u00edtica externa dos EUA. &#8220;\u00c9 absurdo um juiz distrital tentar ditar a seguran\u00e7a nacional&#8221;, declarou.<\/p>\n<p><strong>Migrantes Teriam Sido Removidos sem Acesso a Tradutores ou Defesa<\/strong><\/p>\n<p>Advogados dos deportados alegaram que seus clientes, origin\u00e1rios de Mianmar, Vietn\u00e3 e outros pa\u00edses, n\u00e3o tiveram acesso a tradutores ou tempo suficiente para entender os avisos de remo\u00e7\u00e3o. Segundo os documentos judiciais, alguns foram informados da deporta\u00e7\u00e3o com menos de 24 horas de anteced\u00eancia.<\/p>\n<p>O juiz Murphy havia determinado anteriormente que os migrantes n\u00e3o poderiam ser enviados a pa\u00edses onde corressem risco de persegui\u00e7\u00e3o ou viol\u00eancia. O Sud\u00e3o do Sul, citado como poss\u00edvel destino, enfrenta crises pol\u00edticas e graves viola\u00e7\u00f5es de direitos humanos.<\/p>\n<p>Apesar das alega\u00e7\u00f5es do governo, autoridades sul-sudanesas negaram a chegada de qualquer deportado dos EUA. J\u00e1 o The New York Times relatou que o avi\u00e3o pode ter pousado em Djibuti, na \u00c1frica Oriental.<\/p>\n<p>O caso refor\u00e7a as tens\u00f5es entre o Judici\u00e1rio e o Executivo sobre as pol\u00edticas migrat\u00f3rias da era Trump, marcadas por deporta\u00e7\u00f5es aceleradas e acusa\u00e7\u00f5es de descumprimento de ordens judiciais. Enquanto o governo insiste em priorizar a seguran\u00e7a nacional, cr\u00edticos denunciam viola\u00e7\u00f5es aos direitos fundamentais dos migrantes.<\/p>\n","protected":false},"excerpt":{"rendered":"<p>Um juiz federal dos Estados Unidos acusou o governo do ex-presidente Donald Trump de agir de forma &#8220;inquestionavelmente violenta&#8221; ao deportar um grupo de migrantes para um destino n\u00e3o confirmado, possivelmente o Sud\u00e3o do Sul, na \u00c1frica. A declara\u00e7\u00e3o do juiz Brian Murphy, da Corte Distrital de Massachusetts, ocorreu ap\u00f3s um voo de deporta\u00e7\u00e3o decolar na ter\u00e7a-feira, apesar de uma liminar que garantia aos migrantes o direito de contestar suas remo\u00e7\u00f5es. O magistrado ainda n\u00e3o decidiu quais medidas tomar\u00e1 contra a aparente viola\u00e7\u00e3o de sua ordem, emitida em 18 de abril, que determinava que os migrantes teriam um prazo m\u00ednimo [&hellip;]<\/p>\n","protected":false},"author":1,"featured_media":60616,"comment_status":"open","ping_status":"closed","sticky":false,"template":"","format":"standard","meta":{"_links_to":"","_links_to_target":""},"categories":[3,8,1,10],"tags":[],"views":1891,"_links":{"self":[{"href":"https:\/\/www.brazilianpress.com\/v1\/wp-json\/wp\/v2\/posts\/60615"}],"collection":[{"href":"https:\/\/www.brazilianpress.com\/v1\/wp-json\/wp\/v2\/posts"}],"about":[{"href":"https:\/\/www.brazilianpress.com\/v1\/wp-json\/wp\/v2\/types\/post"}],"author":[{"embeddable":true,"href":"https:\/\/www.brazilianpress.com\/v1\/wp-json\/wp\/v2\/users\/1"}],"replies":[{"embeddable":true,"href":"https:\/\/www.brazilianpress.com\/v1\/wp-json\/wp\/v2\/comments?post=60615"}],"version-history":[{"count":1,"href":"https:\/\/www.brazilianpress.com\/v1\/wp-json\/wp\/v2\/posts\/60615\/revisions"}],"predecessor-version":[{"id":60617,"href":"https:\/\/www.brazilianpress.com\/v1\/wp-json\/wp\/v2\/posts\/60615\/revisions\/60617"}],"wp:featuredmedia":[{"embeddable":true,"href":"https:\/\/www.brazilianpress.com\/v1\/wp-json\/wp\/v2\/media\/60616"}],"wp:attachment":[{"href":"https:\/\/www.brazilianpress.com\/v1\/wp-json\/wp\/v2\/media?parent=60615"}],"wp:term":[{"taxonomy":"category","embeddable":true,"href":"https:\/\/www.brazilianpress.com\/v1\/wp-json\/wp\/v2\/categories?post=60615"},{"taxonomy":"post_tag","embeddable":true,"href":"https:\/\/www.brazilianpress.com\/v1\/wp-json\/wp\/v2\/tags?post=60615"}],"curies":[{"name":"wp","href":"https:\/\/api.w.org\/{rel}","templated":true}]}}