{"id":60618,"date":"2025-05-22T13:57:13","date_gmt":"2025-05-22T17:57:13","guid":{"rendered":"https:\/\/www.brazilianpress.com\/v1\/?p=60618"},"modified":"2025-05-22T13:57:13","modified_gmt":"2025-05-22T17:57:13","slug":"por-causa-da-politica-de-deportacao-de-trump-45-funcionarios-sao-afastados-da-disney-world-florida","status":"publish","type":"post","link":"https:\/\/www.brazilianpress.com\/v1\/2025\/05\/22\/por-causa-da-politica-de-deportacao-de-trump-45-funcionarios-sao-afastados-da-disney-world-florida\/","title":{"rendered":"Por causa da pol\u00edtica de deporta\u00e7\u00e3o de Trump, 45 funcion\u00e1rios s\u00e3o afastados da Disney World, Fl\u00f3rida"},"content":{"rendered":"<p><strong>Uma decis\u00e3o da Suprema Corte dos EUA na segunda-feira (19) abriu caminho para o governo Trump retirar as prote\u00e7\u00f5es de deporta\u00e7\u00e3o tempor\u00e1ria para potencialmente milhares de venezuelanos.<\/strong><\/p>\n<p>Por causa disso, a Disney informou que 45 funcion\u00e1rios que podem ser afetados pela pol\u00edtica\u00a0entraram em licen\u00e7a n\u00e3o remunerada com benef\u00edcios por 30 dias, a partir de 20 de maio.<\/p>\n<p>Esses empregados foram notificados de que, se n\u00e3o apresentarem uma nova autoriza\u00e7\u00e3o de trabalho v\u00e1lida ao final desta licen\u00e7a, ser\u00e3o demitidos. A maioria deles trabalha nos parques de divers\u00e3o \u201cWalt Disney World&#8217;\u201d, em Orlando, na Fl\u00f3rida. Um porta-voz da Disney disse: \u201cEnquanto lidamos com as complexidades desta situa\u00e7\u00e3o, suspendemos temporariamente os funcion\u00e1rios afetados com benef\u00edcios para garantir que n\u00e3o violem a lei.\u201d<\/p>\n<p>\u201cEstamos comprometidos em proteger a sa\u00fade, a seguran\u00e7a e o bem-estar de todos os nossos funcion\u00e1rios, que podem estar lidando com as pol\u00edticas de imigra\u00e7\u00e3o em constante evolu\u00e7\u00e3o e como elas podem impact\u00e1-los ou a suas fam\u00edlias.\u201d acrescentou.<\/p>\n<p>Na segunda-feira (19), a Suprema Corte dos Estados Unidos\u00a0abriu caminho para que o governo do presidente Donald Trump, retire as prote\u00e7\u00f5es de deporta\u00e7\u00e3o tempor\u00e1ria de milhares de venezuelanos.<\/p>\n<p>Em uma ordem breve e n\u00e3o assinada, a maioria dos membros do tribunal superior decidiu que o governo poderia prosseguir com os planos de encerrar uma forma de assist\u00eancia humanit\u00e1ria conhecida como Status de Prote\u00e7\u00e3o Tempor\u00e1ria (TPS).\u00a0Essa medida, segundo advogados de imigra\u00e7\u00e3o, pode tornar mais pessoas vulner\u00e1veis \u00e0 deporta\u00e7\u00e3o. A decis\u00e3o do tribunal foi duramente criticada por defensores dos direitos dos imigrantes.<\/p>\n","protected":false},"excerpt":{"rendered":"<p>Uma decis\u00e3o da Suprema Corte dos EUA na segunda-feira (19) abriu caminho para o governo Trump retirar as prote\u00e7\u00f5es de deporta\u00e7\u00e3o tempor\u00e1ria para potencialmente milhares de venezuelanos. Por causa disso, a Disney informou que 45 funcion\u00e1rios que podem ser afetados pela pol\u00edtica\u00a0entraram em licen\u00e7a n\u00e3o remunerada com benef\u00edcios por 30 dias, a partir de 20 de maio. Esses empregados foram notificados de que, se n\u00e3o apresentarem uma nova autoriza\u00e7\u00e3o de trabalho v\u00e1lida ao final desta licen\u00e7a, ser\u00e3o demitidos. A maioria deles trabalha nos parques de divers\u00e3o \u201cWalt Disney World&#8217;\u201d, em Orlando, na Fl\u00f3rida. Um porta-voz da Disney disse: \u201cEnquanto lidamos [&hellip;]<\/p>\n","protected":false},"author":1,"featured_media":60619,"comment_status":"open","ping_status":"closed","sticky":false,"template":"","format":"standard","meta":{"_links_to":"","_links_to_target":""},"categories":[3,1,10],"tags":[],"views":1137,"_links":{"self":[{"href":"https:\/\/www.brazilianpress.com\/v1\/wp-json\/wp\/v2\/posts\/60618"}],"collection":[{"href":"https:\/\/www.brazilianpress.com\/v1\/wp-json\/wp\/v2\/posts"}],"about":[{"href":"https:\/\/www.brazilianpress.com\/v1\/wp-json\/wp\/v2\/types\/post"}],"author":[{"embeddable":true,"href":"https:\/\/www.brazilianpress.com\/v1\/wp-json\/wp\/v2\/users\/1"}],"replies":[{"embeddable":true,"href":"https:\/\/www.brazilianpress.com\/v1\/wp-json\/wp\/v2\/comments?post=60618"}],"version-history":[{"count":1,"href":"https:\/\/www.brazilianpress.com\/v1\/wp-json\/wp\/v2\/posts\/60618\/revisions"}],"predecessor-version":[{"id":60620,"href":"https:\/\/www.brazilianpress.com\/v1\/wp-json\/wp\/v2\/posts\/60618\/revisions\/60620"}],"wp:featuredmedia":[{"embeddable":true,"href":"https:\/\/www.brazilianpress.com\/v1\/wp-json\/wp\/v2\/media\/60619"}],"wp:attachment":[{"href":"https:\/\/www.brazilianpress.com\/v1\/wp-json\/wp\/v2\/media?parent=60618"}],"wp:term":[{"taxonomy":"category","embeddable":true,"href":"https:\/\/www.brazilianpress.com\/v1\/wp-json\/wp\/v2\/categories?post=60618"},{"taxonomy":"post_tag","embeddable":true,"href":"https:\/\/www.brazilianpress.com\/v1\/wp-json\/wp\/v2\/tags?post=60618"}],"curies":[{"name":"wp","href":"https:\/\/api.w.org\/{rel}","templated":true}]}}