{"id":60639,"date":"2025-05-26T12:47:10","date_gmt":"2025-05-26T16:47:10","guid":{"rendered":"https:\/\/www.brazilianpress.com\/v1\/?p=60639"},"modified":"2025-05-26T12:47:10","modified_gmt":"2025-05-26T16:47:10","slug":"policia-federal-prende-brasileira-envolvida-no-8-de-janeiro-deportada-apos-fugir-para-os-eua-outras-tres-mulheres-aguardam-deportacao","status":"publish","type":"post","link":"https:\/\/www.brazilianpress.com\/v1\/2025\/05\/26\/policia-federal-prende-brasileira-envolvida-no-8-de-janeiro-deportada-apos-fugir-para-os-eua-outras-tres-mulheres-aguardam-deportacao\/","title":{"rendered":"Pol\u00edcia Federal prende brasileira envolvida no 8 de Janeiro, deportada ap\u00f3s fugir para os EUA. Outras tr\u00eas mulheres aguardam deporta\u00e7\u00e3o"},"content":{"rendered":"<p><strong>Uma catarinense de Balne\u00e1rio Cambori\u00fa foi presa ao chegar ao Brasil, no s\u00e1bado (24), em voo com outras 102 pessoas repatriadas dos Estados Unidos. Ela foi condenada por participa\u00e7\u00e3o nos atos de 8 de janeiro de 2023. A mulher recebeu um ano de pris\u00e3o por associa\u00e7\u00e3o criminosa pela participa\u00e7\u00e3o, mas teve a pena convertida em medidas alternativas, como presta\u00e7\u00e3o de servi\u00e7os comunit\u00e1rios e participa\u00e7\u00e3o em curso sobre democracia. Mas n\u00e3o quis assinar o acordo de n\u00e3o persecu\u00e7\u00e3o penal e fugiu do pa\u00eds.<\/strong><\/p>\n<p>Apoiadora do ex-presidente Jair Bolsonaro (PL), Cristiane de Silva, 33 anos, que \u00e9 gar\u00e7onete, deixou o Brasil em 2024, quando o processo ainda estava em fase preliminar e havia possibilidade de suspens\u00e3o. Mas ela juntou-se a outros condenados e viajou para a Argentina. O grupo apostava em abrigo no pa\u00eds vizinho com a posse do presidente Javier Milei, aliado de Bolsonaro. Mas ele decidiu colaborar com a Justi\u00e7a brasileira, conforme acordo entre os dos pa\u00edses que prev\u00ea a extradi\u00e7\u00e3o de condenados.<\/p>\n<p><img src=\"https:\/\/www.diariodocentrodomundo.com.br\/wp-content\/uploads\/2025\/03\/14mar2025-foragidas-sao-presas-nos-eua-por-imigracao-ilegal-1741967225110_v2_900x506.png\" alt=\"Ap\u00f3s posse de Trump, bolsonaristas fugitivas do 8\/1 s\u00e3o presas ao tentar  entrar nos EUA\" \/><\/p>\n<p>Diante de tal cen\u00e1rio, o grupo foi para o Peru e, depois, para a Col\u00f4mbia \u2014 pa\u00eds que abandonaram por ser governado pela esquerda de Gustavo Petro, o que, para eles, era uma garantia de extradi\u00e7\u00e3o. Da Col\u00f4mbia, o grupo seguiu para Panam\u00e1 e M\u00e9xico. Os brasileiros foram detidos em El Paso, no Texas, em 21 de janeiro deste ano, um dia ap\u00f3s a posse de Donald Trump, que prometeu intensificar a repress\u00e3o contra imigrantes ilegais. Outras tr\u00eas brasileiras envolvidas nos atos de 8 de janeiro de 2023 tamb\u00e9m foram presas nos EUA: Rosana Maciel Gomes (condenada a 14 anos) e Raquel de Souza Lopes (condenada a 17 anos); Michely Paiva Alves ainda responde como r\u00e9.<\/p>\n<p>Elas tentaram ir para os EUA ap\u00f3s os pedidos de extradi\u00e7\u00e3o do Supremo Tribunal Federal (STF). No pa\u00eds norte-americano, buscavam asilo pol\u00edtico do governo Trump, uma vez que ele \u00e9 aliado de Bolsonaro. As mulheres, por\u00e9m, foram detidas durante patrulhamento nas fronteiras do Texas. A Pol\u00edcia de Imigra\u00e7\u00e3o e Alf\u00e2ndega dos EUA n\u00e3o forneceu detalhes sobre as condi\u00e7\u00f5es de sua deten\u00e7\u00e3o, citando &#8220;quest\u00f5es de privacidade&#8221;. Ao serem presas, elas foram processadas pela Patrulha de Fronteira dos EUA por meio de expuls\u00f5es aceleradas, um procedimento mais r\u00e1pido de deporta\u00e7\u00e3o. Nesse tipo de processo, os estrangeiros s\u00e3o deportados sem que tenham uma audi\u00eancia diante de um juiz de imigra\u00e7\u00e3o. As pris\u00f5es das brasileiras foram reveladas em mar\u00e7o de 2025, quando elas j\u00e1 estavam detidas havia 50 dias.<\/p>\n<p>Repatria\u00e7\u00e3o<\/p>\n<p>Cristiane voltou ao Brasil no \u00faltimo s\u00e1bado em voo de repatria\u00e7\u00e3o organizado pelo governo de Luiz In\u00e1cio Lula da Silva. O avi\u00e3o, que pousou em Fortaleza, trouxe 90 homens e 13 mulheres, a maioria entre 18 e 29 anos. Segundo o Minist\u00e9rio dos Direitos Humanos e da Cidadania (MDHC), tr\u00eas pessoas tinham mandados de pris\u00e3o ativos e foram encaminhadas diretamente \u00e0 cust\u00f3dia da Pol\u00edcia Federal. Entre elas, Cristiane. As outras duas seguiram para Confins (MG) em avi\u00e3o da For\u00e7a A\u00e9rea Brasileira (FAB).<\/p>\n<p>Desde fevereiro, 783 brasileiros foram repatriados dos EUA em voos organizados pelos governos Trump e Lula. Quando chegam ao Brasil, os brasileiros t\u00eam assist\u00eancia m\u00e9dica e psicol\u00f3gica, al\u00e9m de receber alimenta\u00e7\u00e3o e direito a banho. Os voos pousam primeiro em Fortaleza para diminuir o tempo de viagem em aeronaves contratadas e operadas pelo governo dos EUA, em que os repatriados viajam algemados, tratados como criminosos. Ao chegar na capital do Cear\u00e1, ficam sob responsabilidade do governo brasileiro. Al\u00e9m disso, pessoas em situa\u00e7\u00e3o de vulnerabilidade, como idosos, pessoas com defici\u00eancia e popula\u00e7\u00e3o LGBTQIA+, ainda recebem acompanhamento especializado. &#8220;Para aqueles que n\u00e3o t\u00eam um local para ficar quando chegam, o governo federal oferece estrutura de acolhimento provis\u00f3rio com alimenta\u00e7\u00e3o e acomoda\u00e7\u00e3o, al\u00e9m do custeio de passagens de \u00f4nibus para o retorno seguro \u00e0s cidades de origem, em parceria com a Ag\u00eancia Nacional de Transportes Terrestres (ANTT)&#8221;, divulgou o governo brasileiro.<\/p>\n","protected":false},"excerpt":{"rendered":"<p>Uma catarinense de Balne\u00e1rio Cambori\u00fa foi presa ao chegar ao Brasil, no s\u00e1bado (24), em voo com outras 102 pessoas repatriadas dos Estados Unidos. Ela foi condenada por participa\u00e7\u00e3o nos atos de 8 de janeiro de 2023. A mulher recebeu um ano de pris\u00e3o por associa\u00e7\u00e3o criminosa pela participa\u00e7\u00e3o, mas teve a pena convertida em medidas alternativas, como presta\u00e7\u00e3o de servi\u00e7os comunit\u00e1rios e participa\u00e7\u00e3o em curso sobre democracia. Mas n\u00e3o quis assinar o acordo de n\u00e3o persecu\u00e7\u00e3o penal e fugiu do pa\u00eds. Apoiadora do ex-presidente Jair Bolsonaro (PL), Cristiane de Silva, 33 anos, que \u00e9 gar\u00e7onete, deixou o Brasil em [&hellip;]<\/p>\n","protected":false},"author":1,"featured_media":60640,"comment_status":"open","ping_status":"closed","sticky":false,"template":"","format":"standard","meta":{"_links_to":"","_links_to_target":""},"categories":[4,3,1],"tags":[],"views":1382,"_links":{"self":[{"href":"https:\/\/www.brazilianpress.com\/v1\/wp-json\/wp\/v2\/posts\/60639"}],"collection":[{"href":"https:\/\/www.brazilianpress.com\/v1\/wp-json\/wp\/v2\/posts"}],"about":[{"href":"https:\/\/www.brazilianpress.com\/v1\/wp-json\/wp\/v2\/types\/post"}],"author":[{"embeddable":true,"href":"https:\/\/www.brazilianpress.com\/v1\/wp-json\/wp\/v2\/users\/1"}],"replies":[{"embeddable":true,"href":"https:\/\/www.brazilianpress.com\/v1\/wp-json\/wp\/v2\/comments?post=60639"}],"version-history":[{"count":1,"href":"https:\/\/www.brazilianpress.com\/v1\/wp-json\/wp\/v2\/posts\/60639\/revisions"}],"predecessor-version":[{"id":60641,"href":"https:\/\/www.brazilianpress.com\/v1\/wp-json\/wp\/v2\/posts\/60639\/revisions\/60641"}],"wp:featuredmedia":[{"embeddable":true,"href":"https:\/\/www.brazilianpress.com\/v1\/wp-json\/wp\/v2\/media\/60640"}],"wp:attachment":[{"href":"https:\/\/www.brazilianpress.com\/v1\/wp-json\/wp\/v2\/media?parent=60639"}],"wp:term":[{"taxonomy":"category","embeddable":true,"href":"https:\/\/www.brazilianpress.com\/v1\/wp-json\/wp\/v2\/categories?post=60639"},{"taxonomy":"post_tag","embeddable":true,"href":"https:\/\/www.brazilianpress.com\/v1\/wp-json\/wp\/v2\/tags?post=60639"}],"curies":[{"name":"wp","href":"https:\/\/api.w.org\/{rel}","templated":true}]}}