{"id":60747,"date":"2025-06-13T14:21:31","date_gmt":"2025-06-13T18:21:31","guid":{"rendered":"https:\/\/www.brazilianpress.com\/v1\/?p=60747"},"modified":"2025-06-13T14:21:58","modified_gmt":"2025-06-13T18:21:58","slug":"apos-10-anos-se-apresentando-como-bailarino-nos-eua-brasileiro-tem-renovacao-de-visto-negada","status":"publish","type":"post","link":"https:\/\/www.brazilianpress.com\/v1\/2025\/06\/13\/apos-10-anos-se-apresentando-como-bailarino-nos-eua-brasileiro-tem-renovacao-de-visto-negada\/","title":{"rendered":"Ap\u00f3s 10 anos se apresentando como bailarino nos EUA, brasileiro tem renova\u00e7\u00e3o de visto negada"},"content":{"rendered":"<p><strong>Depois de uma d\u00e9cada vivendo nos Estados Unidos, com uma carreira s\u00f3lida como bailarino profissional, o brasileiro Luiz Fernando da Silva, de 29 anos, foi impedido de voltar ao pa\u00eds onde construiu sua trajet\u00f3ria art\u00edstica de sucesso. Nascido em Barra Mansa, no interior do Rio de Janeiro, Luiz atualmente est\u00e1 no Brasil, ap\u00f3s ter o visto de trabalho negado de forma inesperada. A not\u00edcia foi \u201cum baque\u201d, segundo ele, que seguiu todos os tr\u00e2mites legais.<\/strong><\/p>\n<p>\u201cEu n\u00e3o esperava que n\u00e3o tivesse a possibilidade de voltar a dan\u00e7ar l\u00e1. Eu ainda estou no processo de entender e aceitar mesmo, processar tudo o que est\u00e1 acontecendo. E, agora, \u00e9 isso, \u00e9 reorganizar, recalcular a rota\u201d, relata o bailarino.<\/p>\n<p><img src=\"https:\/\/conteudo.imguol.com.br\/c\/noticias\/81\/2025\/06\/03\/luiz-fernando-da-silva-bailarino-brasileiro-teve-seu-visto-negado-nos-eua-depois-de-dez-anos-atuando-legalmente-no-pais-1748977195229_v2_3x4.jpg\" alt=\"Ap\u00f3s 10 anos nos palcos dos EUA, bailarino brasileiro tem visto negado\" \/><\/p>\n<p>Luiz se mudou para os Estados Unidos em 2014 e, dois anos depois, come\u00e7ou a trabalhar profissionalmente no Miami City Ballet. Desde ent\u00e3o, nunca teve problemas com a imigra\u00e7\u00e3o. Ao ser contratado por uma companhia de dan\u00e7a tradicional do Harlem, em New York, ele deu in\u00edcio ao processo para a emiss\u00e3o de um novo visto de trabalho.<\/p>\n<p>Ele poderia esperar pela emiss\u00e3o de um novo visto ainda morando nos EUA, mas n\u00e3o poderia trabalhar nem ter renda. Por isso, decidiu voltar para o Brasil e aguardar a emiss\u00e3o do novo documento ao lado da fam\u00edlia. O visto, entretanto, acabou sendo negado sob a justificativa de que n\u00e3o havia &#8220;provas suficientes&#8221; de que ele era apto para exercer aquela fun\u00e7\u00e3o.<\/p>\n<p>A negativa aconteceu no dia 27 de abril, em meio ao endurecimento das pol\u00edticas migrat\u00f3rias nos Estados Unidos, impostas pelo governo de Donald Trump. Luiz teve apoio jur\u00eddico providenciado pela companhia que o contrataria.\u00a0Mas, com o visto negado, o que resta \u00e9 aplicar novamente para tentar obter o documento.<\/p>\n<p>\u201cA meu ver, s\u00e3o pol\u00edticas que me preocupam como cidad\u00e3o, como ser humano. Ent\u00e3o, eu preciso entender bem e ver se vale a pena, e se eu realmente vou continuar tentando ir para os Estados Unidos\u201d, afirma.<\/p>\n<p>Luiz diz que ainda avalia a possibilidade de tentar retornar aos Estados Unidos futuramente, em um poss\u00edvel novo cen\u00e1rio pol\u00edtico. Enquanto isso, o brasileiro conta com o apoio da fam\u00edlia, de amigos e de colegas de profiss\u00e3o.<\/p>\n<p>\u201cEu estive muito triste com a not\u00edcia, com toda essa situa\u00e7\u00e3o, mas eu tenho tido apoio da minha fam\u00edlia, dos meus amigos, de companheiros de profiss\u00e3o, pessoas que participaram da minha trajet\u00f3ria em diversos per\u00edodos, escrevendo e mandando mensagens. Ent\u00e3o, ver todo esse apoio, toda essa solidariedade est\u00e1 me dando for\u00e7a e est\u00e1 me inspirando a continuar seguindo em frente e batalhando pelo meu sonho\u201d.<\/p>\n","protected":false},"excerpt":{"rendered":"<p>Depois de uma d\u00e9cada vivendo nos Estados Unidos, com uma carreira s\u00f3lida como bailarino profissional, o brasileiro Luiz Fernando da Silva, de 29 anos, foi impedido de voltar ao pa\u00eds onde construiu sua trajet\u00f3ria art\u00edstica de sucesso. Nascido em Barra Mansa, no interior do Rio de Janeiro, Luiz atualmente est\u00e1 no Brasil, ap\u00f3s ter o visto de trabalho negado de forma inesperada. A not\u00edcia foi \u201cum baque\u201d, segundo ele, que seguiu todos os tr\u00e2mites legais. \u201cEu n\u00e3o esperava que n\u00e3o tivesse a possibilidade de voltar a dan\u00e7ar l\u00e1. Eu ainda estou no processo de entender e aceitar mesmo, processar tudo [&hellip;]<\/p>\n","protected":false},"author":1,"featured_media":60748,"comment_status":"open","ping_status":"closed","sticky":false,"template":"","format":"standard","meta":{"_links_to":"","_links_to_target":""},"categories":[4,3,1],"tags":[],"views":873,"_links":{"self":[{"href":"https:\/\/www.brazilianpress.com\/v1\/wp-json\/wp\/v2\/posts\/60747"}],"collection":[{"href":"https:\/\/www.brazilianpress.com\/v1\/wp-json\/wp\/v2\/posts"}],"about":[{"href":"https:\/\/www.brazilianpress.com\/v1\/wp-json\/wp\/v2\/types\/post"}],"author":[{"embeddable":true,"href":"https:\/\/www.brazilianpress.com\/v1\/wp-json\/wp\/v2\/users\/1"}],"replies":[{"embeddable":true,"href":"https:\/\/www.brazilianpress.com\/v1\/wp-json\/wp\/v2\/comments?post=60747"}],"version-history":[{"count":1,"href":"https:\/\/www.brazilianpress.com\/v1\/wp-json\/wp\/v2\/posts\/60747\/revisions"}],"predecessor-version":[{"id":60749,"href":"https:\/\/www.brazilianpress.com\/v1\/wp-json\/wp\/v2\/posts\/60747\/revisions\/60749"}],"wp:featuredmedia":[{"embeddable":true,"href":"https:\/\/www.brazilianpress.com\/v1\/wp-json\/wp\/v2\/media\/60748"}],"wp:attachment":[{"href":"https:\/\/www.brazilianpress.com\/v1\/wp-json\/wp\/v2\/media?parent=60747"}],"wp:term":[{"taxonomy":"category","embeddable":true,"href":"https:\/\/www.brazilianpress.com\/v1\/wp-json\/wp\/v2\/categories?post=60747"},{"taxonomy":"post_tag","embeddable":true,"href":"https:\/\/www.brazilianpress.com\/v1\/wp-json\/wp\/v2\/tags?post=60747"}],"curies":[{"name":"wp","href":"https:\/\/api.w.org\/{rel}","templated":true}]}}