{"id":60753,"date":"2025-06-14T10:31:08","date_gmt":"2025-06-14T14:31:08","guid":{"rendered":"https:\/\/www.brazilianpress.com\/v1\/?p=60753"},"modified":"2025-06-14T10:31:08","modified_gmt":"2025-06-14T14:31:08","slug":"apos-protestos-na-california-trump-manda-suspender-acoes-da-ice-contra-setores-agricola-e-de-hotelaria","status":"publish","type":"post","link":"https:\/\/www.brazilianpress.com\/v1\/2025\/06\/14\/apos-protestos-na-california-trump-manda-suspender-acoes-da-ice-contra-setores-agricola-e-de-hotelaria\/","title":{"rendered":"Ap\u00f3s protestos na Calif\u00f3rnia, Trump manda suspender a\u00e7\u00f5es da ICE contra setores agr\u00edcola e de hotelaria"},"content":{"rendered":"<p><strong>O Governo dos Estados Unidos anunciou nesta semana a suspens\u00e3o tempor\u00e1ria de opera\u00e7\u00f5es indiscriminadas contra imigrantes em setores estrat\u00e9gicos, como o agr\u00edcola e o hoteleiro. A medida, revelada pelo jornal New York Times , surge ap\u00f3s crescentes cr\u00edticas \u00e0 pol\u00edtica de imigra\u00e7\u00e3o do presidente Donald Trump e um aumento nos protestos p\u00fablicos que denunciam os efeitos das rusgas policiais nas comunidades e economias locais.<\/strong><\/p>\n<p>De acordo com uma mensagem de correio eletr\u00f4nico obtida pelo jornal e confirmada por autoridades norte-americanas na \u00faltima sexta-feira, o Servi\u00e7o de Imigra\u00e7\u00e3o e Alf\u00e2ndega (ICE) recebeu ordens expressas para interromper todas as investiga\u00e7\u00f5es e fiscaliza\u00e7\u00f5es em \u00e1reas espec\u00edficas. O comunicado instrui o ICE a &#8220;suspender todas as opera\u00e7\u00f5es de fiscaliza\u00e7\u00e3o em locais de trabalho agr\u00edcolas (incluindo aquacultura e matadouros), restaurantes e hot\u00e9is&#8221;.<\/p>\n<p><img loading=\"lazy\" class=\"alignnone size-full wp-image-60171\" src=\"https:\/\/www.brazilianpress.com\/v1\/wp-content\/uploads\/2025\/03\/presidente-eua-donald-trump.jpg\" alt=\"\" width=\"700\" height=\"418\" srcset=\"https:\/\/www.brazilianpress.com\/v1\/wp-content\/uploads\/2025\/03\/presidente-eua-donald-trump.jpg 700w, https:\/\/www.brazilianpress.com\/v1\/wp-content\/uploads\/2025\/03\/presidente-eua-donald-trump-300x179.jpg 300w\" sizes=\"(max-width: 700px) 100vw, 700px\" \/><\/p>\n<p>A porta-voz do Departamento de Seguran\u00e7a Interna, Tricia McLaughlin, afirmou em nota que as diretrizes continuam alinhadas com as prioridades do presidente Trump, que busca focar esfor\u00e7os na remo\u00e7\u00e3o de &#8220;criminosos estrangeiros ilegais mais perigosos&#8221;. No entanto, a decis\u00e3o sinaliza um recuo t\u00e1tico diante da press\u00e3o p\u00fablica e das repercuss\u00f5es econ\u00f4micas da pol\u00edtica adotada desde o retorno de Trump ao poder em janeiro.<\/p>\n<p><strong>Protestos e repercuss\u00f5es econ\u00f4micas<\/strong><\/p>\n<p>Nos \u00faltimos dias, milhares de pessoas tomaram \u00e0s ruas em v\u00e1rias cidades dos EUA, especialmente em Los Angeles, onde manifestantes denunciaram as rusgas policiais como abusivas e desumanas. Somente no s\u00e1bado, mais de duas mil manifesta\u00e7\u00f5es foram organizadas em todos os 50 estados do pa\u00eds, transformando-se em um movimento nacional contra as pol\u00edticas de imigra\u00e7\u00e3o do governo.<\/p>\n<p><img src=\"https:\/\/i.abcnewsfe.com\/a\/2feeda0d-8a9b-48fc-9702-b8fe812693c3\/ice-la-4-epa-gmh-250607_1749341531019_hpMain.jpg\" alt=\"National Guard troops arrive in Los Angeles after immigration protests turn  violent - ABC News\" \/><\/p>\n<p>A mudan\u00e7a de postura tamb\u00e9m reflete preocupa\u00e7\u00f5es com o impacto econ\u00f4mico das opera\u00e7\u00f5es. Em estados como a Calif\u00f3rnia, onde a agricultura depende quase exclusivamente de m\u00e3o de obra imigrante, l\u00edderes empresariais alertaram para os preju\u00edzos decorrentes das deten\u00e7\u00f5es em massa. Trump admitiu recentemente que as rusgas policiais parecem estar afetando negativamente o setor agr\u00edcola, crucial para a economia local e nacional.<\/p>\n<p><img src=\"https:\/\/i.abcnewsfe.com\/a\/a2387bd0-5f31-4459-a3fa-aedebc0e3b2b\/la-ice-protest-police-02-rt-jt-250607_1749319371489_hpEmbed_3x2.jpg\" alt=\"National Guard troops arrive in Los Angeles after immigration protests turn  violent - ABC News\" \/><\/p>\n<p>Desde o in\u00edcio do ano, o governo intensificou sua repress\u00e3o \u00e0 imigra\u00e7\u00e3o ilegal, chegando a ordenar a realiza\u00e7\u00e3o de tr\u00eas mil deten\u00e7\u00f5es di\u00e1rias \u2013 uma meta ambiciosa que resultou em centenas de pris\u00f5es em todo o pa\u00eds. No entanto, a estrat\u00e9gia enfrentou resist\u00eancia crescente, tanto de grupos de defesa dos direitos humanos quanto de setores industriais que dependem diretamente dos trabalhadores imigrantes.<\/p>\n<p><strong>Estrat\u00e9gia Eleitoral \u00e0 Vista?<\/strong><\/p>\n<p>Analistas pol\u00edticos apontam que a nova orienta\u00e7\u00e3o pode ser uma tentativa de mitigar danos antes das elei\u00e7\u00f5es intercalares de 2026. Embora Trump tenha consolidado sua base eleitoral com promessas de endurecimento nas fronteiras, a crescente impopularidade das rusgas indiscriminadas amea\u00e7a alienar grupos-chave, incluindo empres\u00e1rios rurais e urbanos cujo apoio \u00e9 vital para manter a influ\u00eancia republicana.<\/p>\n<p><img loading=\"lazy\" class=\"alignnone size-full wp-image-60346\" src=\"https:\/\/www.brazilianpress.com\/v1\/wp-content\/uploads\/2025\/04\/presidente-donald-trump-eua.jpg\" alt=\"\" width=\"700\" height=\"392\" srcset=\"https:\/\/www.brazilianpress.com\/v1\/wp-content\/uploads\/2025\/04\/presidente-donald-trump-eua.jpg 700w, https:\/\/www.brazilianpress.com\/v1\/wp-content\/uploads\/2025\/04\/presidente-donald-trump-eua-300x168.jpg 300w, https:\/\/www.brazilianpress.com\/v1\/wp-content\/uploads\/2025\/04\/presidente-donald-trump-eua-400x225.jpg 400w\" sizes=\"(max-width: 700px) 100vw, 700px\" \/><\/p>\n<p>A pausa nas opera\u00e7\u00f5es em setores espec\u00edficos sugere que o governo est\u00e1 buscando equilibrar suas metas de seguran\u00e7a com preocupa\u00e7\u00f5es pr\u00e1ticas e pol\u00edticas. Contudo, permanece incerto se a medida ser\u00e1 suficiente para aplacar as cr\u00edticas ou se representar\u00e1 apenas um ajuste moment\u00e2neo em meio \u00e0 crescente tens\u00e3o sobre a quest\u00e3o migrat\u00f3ria nos EUA.<\/p>\n","protected":false},"excerpt":{"rendered":"<p>O Governo dos Estados Unidos anunciou nesta semana a suspens\u00e3o tempor\u00e1ria de opera\u00e7\u00f5es indiscriminadas contra imigrantes em setores estrat\u00e9gicos, como o agr\u00edcola e o hoteleiro. A medida, revelada pelo jornal New York Times , surge ap\u00f3s crescentes cr\u00edticas \u00e0 pol\u00edtica de imigra\u00e7\u00e3o do presidente Donald Trump e um aumento nos protestos p\u00fablicos que denunciam os efeitos das rusgas policiais nas comunidades e economias locais. De acordo com uma mensagem de correio eletr\u00f4nico obtida pelo jornal e confirmada por autoridades norte-americanas na \u00faltima sexta-feira, o Servi\u00e7o de Imigra\u00e7\u00e3o e Alf\u00e2ndega (ICE) recebeu ordens expressas para interromper todas as investiga\u00e7\u00f5es e fiscaliza\u00e7\u00f5es [&hellip;]<\/p>\n","protected":false},"author":1,"featured_media":60755,"comment_status":"open","ping_status":"closed","sticky":false,"template":"","format":"standard","meta":{"_links_to":"","_links_to_target":""},"categories":[3,1,10],"tags":[],"views":1108,"_links":{"self":[{"href":"https:\/\/www.brazilianpress.com\/v1\/wp-json\/wp\/v2\/posts\/60753"}],"collection":[{"href":"https:\/\/www.brazilianpress.com\/v1\/wp-json\/wp\/v2\/posts"}],"about":[{"href":"https:\/\/www.brazilianpress.com\/v1\/wp-json\/wp\/v2\/types\/post"}],"author":[{"embeddable":true,"href":"https:\/\/www.brazilianpress.com\/v1\/wp-json\/wp\/v2\/users\/1"}],"replies":[{"embeddable":true,"href":"https:\/\/www.brazilianpress.com\/v1\/wp-json\/wp\/v2\/comments?post=60753"}],"version-history":[{"count":2,"href":"https:\/\/www.brazilianpress.com\/v1\/wp-json\/wp\/v2\/posts\/60753\/revisions"}],"predecessor-version":[{"id":60756,"href":"https:\/\/www.brazilianpress.com\/v1\/wp-json\/wp\/v2\/posts\/60753\/revisions\/60756"}],"wp:featuredmedia":[{"embeddable":true,"href":"https:\/\/www.brazilianpress.com\/v1\/wp-json\/wp\/v2\/media\/60755"}],"wp:attachment":[{"href":"https:\/\/www.brazilianpress.com\/v1\/wp-json\/wp\/v2\/media?parent=60753"}],"wp:term":[{"taxonomy":"category","embeddable":true,"href":"https:\/\/www.brazilianpress.com\/v1\/wp-json\/wp\/v2\/categories?post=60753"},{"taxonomy":"post_tag","embeddable":true,"href":"https:\/\/www.brazilianpress.com\/v1\/wp-json\/wp\/v2\/tags?post=60753"}],"curies":[{"name":"wp","href":"https:\/\/api.w.org\/{rel}","templated":true}]}}