{"id":60757,"date":"2025-06-16T10:02:30","date_gmt":"2025-06-16T14:02:30","guid":{"rendered":"https:\/\/www.brazilianpress.com\/v1\/?p=60757"},"modified":"2025-06-16T10:02:30","modified_gmt":"2025-06-16T14:02:30","slug":"atencao-trump-ordena-expansao-das-batidas-da-ice-com-prioridade-em-cidades-governadas-por-democratas","status":"publish","type":"post","link":"https:\/\/www.brazilianpress.com\/v1\/2025\/06\/16\/atencao-trump-ordena-expansao-das-batidas-da-ice-com-prioridade-em-cidades-governadas-por-democratas\/","title":{"rendered":"Aten\u00e7\u00e3o: Trump ordena expans\u00e3o das batidas da ICE com prioridade em cidades governadas por democratas"},"content":{"rendered":"<p><strong>O presidente Donald Trump est\u00e1 ordenando opera\u00e7\u00f5es de deporta\u00e7\u00e3o ainda mais expandidas em v\u00e1rias cidades importantes do pa\u00eds, incluindo Los Angeles. Em uma publica\u00e7\u00e3o nas redes sociais, Trump pediu aos funcion\u00e1rios do Servi\u00e7o de Imigra\u00e7\u00e3o e Alf\u00e2ndega dos EUA que &#8220;fizessem tudo o que estivesse ao seu alcance para atingir o objetivo muito importante de implementar o maior Programa de Deporta\u00e7\u00e3o em Massa da Hist\u00f3ria&#8221;.<\/strong><\/p>\n<p>As medidas ocorrem depois que grandes protestos eclodiram em Los Angeles e outras grandes cidades contra as pol\u00edticas de imigra\u00e7\u00e3o do governo Trump. At\u00e9 agora, n\u00e3o se sabe exatamente como isso impactar\u00e1 Los Angeles. Mas no domingo, seguindo as instru\u00e7\u00f5es do presidente, o Departamento de Seguran\u00e7a Interna disse que suspenderia a maioria das batidas em fazendas, restaurantes e hot\u00e9is.<\/p>\n<p><img src=\"https:\/\/ca-times.brightspotcdn.com\/dims4\/default\/6e2b7d1\/2147483647\/strip\/true\/crop\/5280x3520+0+0\/resize\/1200x800!\/quality\/75\/?url=https%3A%2F%2Fcalifornia-times-brightspot.s3.amazonaws.com%2F93%2F9a%2Fd869907049e69c44481d8a842644%2F1510133-me-ice-immigration-protest-66-gmf.jpg\" alt=\"The Trump and L.A. dispute over immigration was inevitable - Los Angeles  Times\" \/><\/p>\n<p>O governo Trump deu continuidade \u00e0s amplas atividades de fiscaliza\u00e7\u00e3o da imigra\u00e7\u00e3o \u2014 com uma meta estimada de at\u00e9 3.000 deporta\u00e7\u00f5es por dia. O Departamento de Pol\u00edcia de Los Angeles prendeu 561 pessoas relacionadas \u00e0s atividades de protesto desde que elas come\u00e7aram no in\u00edcio deste m\u00eas, informou a pol\u00edcia no domingo.\u00a0Na semana passada, o presidente Donald Trump enviou 4.000 soldados da Guarda Nacional da Calif\u00f3rnia e 700 fuzileiros navais para reprimir as manifesta\u00e7\u00f5es perturbadoras enquanto as batidas de imigra\u00e7\u00e3o continuam.<\/p>\n<p><img src=\"https:\/\/i.imgur.com\/eLHpwUz.jpeg\" \/><\/p>\n<p>Uma audi\u00eancia em um tribunal federal est\u00e1 marcada para ter\u00e7a-feira para determinar se Trump ou o governador da Calif\u00f3rnia, Gavin Newsom, controlar\u00e3o as atividades futuras da Guarda Nacional. Newsom contestou a decis\u00e3o de Trump de federalizar a Guarda Nacional, uma a\u00e7\u00e3o que o juiz distrital Charles Breyer, de S\u00e3o Francisco, afirmou em uma decis\u00e3o da semana passada que n\u00e3o seguiu o procedimento determinado pelo Congresso. Sua decis\u00e3o foi suspensa por um painel de apela\u00e7\u00e3o de tr\u00eas ju\u00edzes do Tribunal de Apela\u00e7\u00f5es do 9\u00ba Circuito dos EUA em resposta a um aviso de apela\u00e7\u00e3o do governo Trump, mantendo temporariamente as tropas da Guarda Nacional sob controle federal, pelo menos at\u00e9 ter\u00e7a-feira.<\/p>\n","protected":false},"excerpt":{"rendered":"<p>O presidente Donald Trump est\u00e1 ordenando opera\u00e7\u00f5es de deporta\u00e7\u00e3o ainda mais expandidas em v\u00e1rias cidades importantes do pa\u00eds, incluindo Los Angeles. Em uma publica\u00e7\u00e3o nas redes sociais, Trump pediu aos funcion\u00e1rios do Servi\u00e7o de Imigra\u00e7\u00e3o e Alf\u00e2ndega dos EUA que &#8220;fizessem tudo o que estivesse ao seu alcance para atingir o objetivo muito importante de implementar o maior Programa de Deporta\u00e7\u00e3o em Massa da Hist\u00f3ria&#8221;. As medidas ocorrem depois que grandes protestos eclodiram em Los Angeles e outras grandes cidades contra as pol\u00edticas de imigra\u00e7\u00e3o do governo Trump. At\u00e9 agora, n\u00e3o se sabe exatamente como isso impactar\u00e1 Los Angeles. Mas [&hellip;]<\/p>\n","protected":false},"author":1,"featured_media":60758,"comment_status":"open","ping_status":"closed","sticky":false,"template":"","format":"standard","meta":{"_links_to":"","_links_to_target":""},"categories":[4,3,1],"tags":[],"views":1930,"_links":{"self":[{"href":"https:\/\/www.brazilianpress.com\/v1\/wp-json\/wp\/v2\/posts\/60757"}],"collection":[{"href":"https:\/\/www.brazilianpress.com\/v1\/wp-json\/wp\/v2\/posts"}],"about":[{"href":"https:\/\/www.brazilianpress.com\/v1\/wp-json\/wp\/v2\/types\/post"}],"author":[{"embeddable":true,"href":"https:\/\/www.brazilianpress.com\/v1\/wp-json\/wp\/v2\/users\/1"}],"replies":[{"embeddable":true,"href":"https:\/\/www.brazilianpress.com\/v1\/wp-json\/wp\/v2\/comments?post=60757"}],"version-history":[{"count":1,"href":"https:\/\/www.brazilianpress.com\/v1\/wp-json\/wp\/v2\/posts\/60757\/revisions"}],"predecessor-version":[{"id":60759,"href":"https:\/\/www.brazilianpress.com\/v1\/wp-json\/wp\/v2\/posts\/60757\/revisions\/60759"}],"wp:featuredmedia":[{"embeddable":true,"href":"https:\/\/www.brazilianpress.com\/v1\/wp-json\/wp\/v2\/media\/60758"}],"wp:attachment":[{"href":"https:\/\/www.brazilianpress.com\/v1\/wp-json\/wp\/v2\/media?parent=60757"}],"wp:term":[{"taxonomy":"category","embeddable":true,"href":"https:\/\/www.brazilianpress.com\/v1\/wp-json\/wp\/v2\/categories?post=60757"},{"taxonomy":"post_tag","embeddable":true,"href":"https:\/\/www.brazilianpress.com\/v1\/wp-json\/wp\/v2\/tags?post=60757"}],"curies":[{"name":"wp","href":"https:\/\/api.w.org\/{rel}","templated":true}]}}