{"id":60801,"date":"2025-06-18T17:36:47","date_gmt":"2025-06-18T21:36:47","guid":{"rendered":"https:\/\/www.brazilianpress.com\/v1\/?p=60801"},"modified":"2025-06-18T17:36:47","modified_gmt":"2025-06-18T21:36:47","slug":"milhares-de-migrantes-indocumentados-poderao-ser-enviados-por-trump-para-a-baia-de-guantanamo","status":"publish","type":"post","link":"https:\/\/www.brazilianpress.com\/v1\/2025\/06\/18\/milhares-de-migrantes-indocumentados-poderao-ser-enviados-por-trump-para-a-baia-de-guantanamo\/","title":{"rendered":"Milhares de migrantes indocumentados poder\u00e3o ser enviados por Trump para a Ba\u00eda de Guant\u00e1namo"},"content":{"rendered":"<p><strong>O governo Trump est\u00e1 planejando aumentar drasticamente o n\u00famero de imigrantes indocumentados enviados para a Base Naval de Guant\u00e1namo nesta semana.\u00a0Segundo documentos, pelo menos 9.000 imigrantes est\u00e3o sendo avaliados para transfer\u00eancia para a base naval da Ba\u00eda de Guant\u00e1namo, em Cuba. Essa informa\u00e7\u00e3o n\u00e3o foi confirmada.<\/strong><\/p>\n<p>\u201cTemos 30.000 leitos na Ba\u00eda de Guant\u00e1namo para deter os piores criminosos ilegais que amea\u00e7am os Estados Unidos\u201d, disse o presidente em janeiro.<\/p>\n<p>At\u00e9 o momento, cerca de 500 migrantes foram detidos no local. Novas transfer\u00eancias devem come\u00e7ar e os detidos permanecer\u00e3o na unidade at\u00e9 serem deportados para seus pa\u00edses de origem.<\/p>\n<p>O motivo seria liberar espa\u00e7o em centros de deten\u00e7\u00e3o nos Estados Unidos, assim como a Casa Branca pediu ao ICE para aumentar o n\u00famero de pris\u00f5es em pelo menos 3.000 por dia.<\/p>\n<p>Siro del Castillo, enviado do governo Clinton a Guant\u00e1namo, enfatiza que isso \u00e9 algo &#8220;impens\u00e1vel&#8221;. Acredito que o governo tem a obriga\u00e7\u00e3o de negociar com os pa\u00edses que se recusam a admiti-los e buscar uma solu\u00e7\u00e3o para o problema&#8221;.<\/p>\n<p>&#8220;N\u00e3o h\u00e1 mais condi\u00e7\u00f5es de receber 30 mil pessoas&#8221;, diz Castillo, que foi um dos enviados pelo ex-presidente Bill Clinton a Guant\u00e1namo na d\u00e9cada de 1990, quando a instala\u00e7\u00e3o militar se tornou um grande campo para receber milhares de cubanos que fugiram da ilha durante a chamada crise dos balseiros.<\/p>\n<p>Antes de o governo Trump transferir os primeiros migrantes para a Base Naval, havia 178 l\u00e1, v\u00e1rios deles cubanos interceptados no mar aguardando pedidos de asilo pol\u00edtico.<\/p>\n<p>Alexander Moreno, que esteve na base naval de Guant\u00e1namo, enfatiza que &#8220;l\u00e1 n\u00e3o h\u00e1 condi\u00e7\u00f5es para isso&#8221;.<\/p>\n","protected":false},"excerpt":{"rendered":"<p>O governo Trump est\u00e1 planejando aumentar drasticamente o n\u00famero de imigrantes indocumentados enviados para a Base Naval de Guant\u00e1namo nesta semana.\u00a0Segundo documentos, pelo menos 9.000 imigrantes est\u00e3o sendo avaliados para transfer\u00eancia para a base naval da Ba\u00eda de Guant\u00e1namo, em Cuba. Essa informa\u00e7\u00e3o n\u00e3o foi confirmada. \u201cTemos 30.000 leitos na Ba\u00eda de Guant\u00e1namo para deter os piores criminosos ilegais que amea\u00e7am os Estados Unidos\u201d, disse o presidente em janeiro. At\u00e9 o momento, cerca de 500 migrantes foram detidos no local. Novas transfer\u00eancias devem come\u00e7ar e os detidos permanecer\u00e3o na unidade at\u00e9 serem deportados para seus pa\u00edses de origem. O motivo [&hellip;]<\/p>\n","protected":false},"author":1,"featured_media":60802,"comment_status":"open","ping_status":"closed","sticky":false,"template":"","format":"standard","meta":{"_links_to":"","_links_to_target":""},"categories":[3,1,10],"tags":[],"views":843,"_links":{"self":[{"href":"https:\/\/www.brazilianpress.com\/v1\/wp-json\/wp\/v2\/posts\/60801"}],"collection":[{"href":"https:\/\/www.brazilianpress.com\/v1\/wp-json\/wp\/v2\/posts"}],"about":[{"href":"https:\/\/www.brazilianpress.com\/v1\/wp-json\/wp\/v2\/types\/post"}],"author":[{"embeddable":true,"href":"https:\/\/www.brazilianpress.com\/v1\/wp-json\/wp\/v2\/users\/1"}],"replies":[{"embeddable":true,"href":"https:\/\/www.brazilianpress.com\/v1\/wp-json\/wp\/v2\/comments?post=60801"}],"version-history":[{"count":1,"href":"https:\/\/www.brazilianpress.com\/v1\/wp-json\/wp\/v2\/posts\/60801\/revisions"}],"predecessor-version":[{"id":60803,"href":"https:\/\/www.brazilianpress.com\/v1\/wp-json\/wp\/v2\/posts\/60801\/revisions\/60803"}],"wp:featuredmedia":[{"embeddable":true,"href":"https:\/\/www.brazilianpress.com\/v1\/wp-json\/wp\/v2\/media\/60802"}],"wp:attachment":[{"href":"https:\/\/www.brazilianpress.com\/v1\/wp-json\/wp\/v2\/media?parent=60801"}],"wp:term":[{"taxonomy":"category","embeddable":true,"href":"https:\/\/www.brazilianpress.com\/v1\/wp-json\/wp\/v2\/categories?post=60801"},{"taxonomy":"post_tag","embeddable":true,"href":"https:\/\/www.brazilianpress.com\/v1\/wp-json\/wp\/v2\/tags?post=60801"}],"curies":[{"name":"wp","href":"https:\/\/api.w.org\/{rel}","templated":true}]}}