{"id":60804,"date":"2025-06-18T17:39:39","date_gmt":"2025-06-18T21:39:39","guid":{"rendered":"https:\/\/www.brazilianpress.com\/v1\/?p=60804"},"modified":"2025-06-18T17:39:39","modified_gmt":"2025-06-18T21:39:39","slug":"dolar-fecha-abaixo-de-r-550-pela-primeira-vez-em-oito-meses","status":"publish","type":"post","link":"https:\/\/www.brazilianpress.com\/v1\/2025\/06\/18\/dolar-fecha-abaixo-de-r-550-pela-primeira-vez-em-oito-meses\/","title":{"rendered":"D\u00f3lar fecha abaixo de R$ 5,50 pela primeira vez em oito meses"},"content":{"rendered":"<p><strong>O\u00a0conflito no Oriente M\u00e9dio n\u00e3o abalou o mercado financeiro. Em dia de tranquilidade internacional, o\u00a0d\u00f3lar fechou abaixo de R$ 5,50 pela primeira vez em oito meses. A\u00a0bolsa de valores subiu quase 1,5% e aproximou-se dos 140 mil pontos.<\/strong><\/p>\n<p>O\u00a0d\u00f3lar comercial encerrou esta segunda-feira (16) vendido a R$ 5,486, com queda de R$ 0,057 (-1,03%). A cota\u00e7\u00e3o operou em baixa durante toda a sess\u00e3o, mas acelerou a queda ap\u00f3s a abertura dos mercados norte-americanos, at\u00e9 fechar na m\u00ednima do dia.<\/p>\n<p>No\u00a0menor valor desde 7 de outubro do ano passado, quando tamb\u00e9m estava a R$ 5,48, a moeda norte-americana cai 4,08% apenas em junho.\u00a0Em 2025, a divisa recua 11,23%.<\/p>\n<p>O\u00a0mercado de a\u00e7\u00f5es tamb\u00e9m teve um dia de euforia. O\u00a0\u00edndice Ibovespa, da B3, fechou aos 139.256 pontos, com alta de 1,49%. No maior n\u00edvel desde 27 de maio, o indicador foi beneficiado por a\u00e7\u00f5es de mineradoras, impulsionada pela valoriza\u00e7\u00e3o das commodities (bens prim\u00e1rios com cota\u00e7\u00e3o internacional). A\u00e7\u00f5es de empresas ligadas ao consumo tamb\u00e9m subiram.<\/p>\n<p>Tanto fatores internacionais como dom\u00e9sticos influenciaram o mercado. No cen\u00e1rio externo, a not\u00edcia de que o Ir\u00e3 pretende negociar uma tr\u00e9gua com Israel tranquilizou os investidores. Isso porque diminuem as chances de o conflito se estender pelo Oriente M\u00e9dio.<\/p>\n<p>Dados positivos vindos da China tamb\u00e9m ajudaram os pa\u00edses emergentes. O desempenho da ind\u00fastria e do varejo no pa\u00eds asi\u00e1tico vieram melhores que o esperado. Segunda maior economia do planeta, a China \u00e9 o maior consumidor de mat\u00e9rias-primas do mundo. Um aquecimento econ\u00f4mico favorece pa\u00edses exportadores de commodities, como o Brasil.<\/p>\n<p>No Brasil, as expectativas em rela\u00e7\u00e3o \u00e0 reuni\u00e3o do Comit\u00ea de Pol\u00edtica Monet\u00e1ria (Copom) beneficiaram a bolsa de valores. Com a\u00a0desacelera\u00e7\u00e3o da infla\u00e7\u00e3o em maio, aumentaram\u00a0as apostas que o Banco Central (BC) manter\u00e1 a Taxa Selic (juros b\u00e1sicos da economia) em 14,75% ao ano\u00a0at\u00e9 o fim de 2025. (ABr)<\/p>\n","protected":false},"excerpt":{"rendered":"<p>O\u00a0conflito no Oriente M\u00e9dio n\u00e3o abalou o mercado financeiro. Em dia de tranquilidade internacional, o\u00a0d\u00f3lar fechou abaixo de R$ 5,50 pela primeira vez em oito meses. A\u00a0bolsa de valores subiu quase 1,5% e aproximou-se dos 140 mil pontos. O\u00a0d\u00f3lar comercial encerrou esta segunda-feira (16) vendido a R$ 5,486, com queda de R$ 0,057 (-1,03%). A cota\u00e7\u00e3o operou em baixa durante toda a sess\u00e3o, mas acelerou a queda ap\u00f3s a abertura dos mercados norte-americanos, at\u00e9 fechar na m\u00ednima do dia. No\u00a0menor valor desde 7 de outubro do ano passado, quando tamb\u00e9m estava a R$ 5,48, a moeda norte-americana cai 4,08% apenas [&hellip;]<\/p>\n","protected":false},"author":1,"featured_media":60805,"comment_status":"open","ping_status":"closed","sticky":false,"template":"","format":"standard","meta":{"_links_to":"","_links_to_target":""},"categories":[7,3,1],"tags":[],"views":989,"_links":{"self":[{"href":"https:\/\/www.brazilianpress.com\/v1\/wp-json\/wp\/v2\/posts\/60804"}],"collection":[{"href":"https:\/\/www.brazilianpress.com\/v1\/wp-json\/wp\/v2\/posts"}],"about":[{"href":"https:\/\/www.brazilianpress.com\/v1\/wp-json\/wp\/v2\/types\/post"}],"author":[{"embeddable":true,"href":"https:\/\/www.brazilianpress.com\/v1\/wp-json\/wp\/v2\/users\/1"}],"replies":[{"embeddable":true,"href":"https:\/\/www.brazilianpress.com\/v1\/wp-json\/wp\/v2\/comments?post=60804"}],"version-history":[{"count":1,"href":"https:\/\/www.brazilianpress.com\/v1\/wp-json\/wp\/v2\/posts\/60804\/revisions"}],"predecessor-version":[{"id":60806,"href":"https:\/\/www.brazilianpress.com\/v1\/wp-json\/wp\/v2\/posts\/60804\/revisions\/60806"}],"wp:featuredmedia":[{"embeddable":true,"href":"https:\/\/www.brazilianpress.com\/v1\/wp-json\/wp\/v2\/media\/60805"}],"wp:attachment":[{"href":"https:\/\/www.brazilianpress.com\/v1\/wp-json\/wp\/v2\/media?parent=60804"}],"wp:term":[{"taxonomy":"category","embeddable":true,"href":"https:\/\/www.brazilianpress.com\/v1\/wp-json\/wp\/v2\/categories?post=60804"},{"taxonomy":"post_tag","embeddable":true,"href":"https:\/\/www.brazilianpress.com\/v1\/wp-json\/wp\/v2\/tags?post=60804"}],"curies":[{"name":"wp","href":"https:\/\/api.w.org\/{rel}","templated":true}]}}