{"id":60807,"date":"2025-06-20T14:24:01","date_gmt":"2025-06-20T18:24:01","guid":{"rendered":"https:\/\/www.brazilianpress.com\/v1\/?p=60807"},"modified":"2025-06-20T14:24:01","modified_gmt":"2025-06-20T18:24:01","slug":"revolta-varios-imigrantes-que-ajudaram-na-recuperacao-de-areas-devastadas-pelo-fogo-na-california-foram-presos-pela-ice","status":"publish","type":"post","link":"https:\/\/www.brazilianpress.com\/v1\/2025\/06\/20\/revolta-varios-imigrantes-que-ajudaram-na-recuperacao-de-areas-devastadas-pelo-fogo-na-california-foram-presos-pela-ice\/","title":{"rendered":"Revolta: V\u00e1rios imigrantes que ajudaram na recupera\u00e7\u00e3o de \u00e1reas devastadas pelo fogo na California foram presos pela ICE"},"content":{"rendered":"<p><strong>Os vizinhos est\u00e3o exigindo respostas depois que seis pessoas foram detidas durante uma opera\u00e7\u00e3o do ICE na quarta-feira em Pasadena, uma comunidade que ainda est\u00e1 se recuperando do mortal inc\u00eandio de Eaton. Alguns membros da comunidade dizem que as invas\u00f5es continuam afetando neg\u00f3cios como a constru\u00e7\u00e3o civil, inclusive em Altadena, que est\u00e1 nos est\u00e1gios iniciais do processo de reconstru\u00e7\u00e3o.<\/strong><\/p>\n<p>&#8220;Ap\u00f3s o inc\u00eandio de Eaton, foram os trabalhadores diaristas, a comunidade migrante, que se mobilizaram para ajudar na limpeza. Para ajudar na recupera\u00e7\u00e3o&#8221;, disse Jos\u00e9 Madera, diretor do Centro de Empregos Comunit\u00e1rios de Pasadena.<\/p>\n<p><img src=\"https:\/\/i.imgur.com\/TCVp6Ek.jpeg\" \/><\/p>\n<p>Madera vem recebendo trabalhadores na Lake Avenue desde o fim do inc\u00eandio Eaton. Em fevereiro, a NBC4 acompanhou trabalhadores rurais e diaristas do centro de empregos enquanto eles ajudavam a limpar cinzas e detritos de casas em Altadena. Mas agora Madera diz que muitos est\u00e3o assustados, especialmente depois da opera\u00e7\u00e3o do ICE desta semana. Um v\u00eddeo de celular compartilhado com a NBC4 parece mostrar agentes federais em um ponto de \u00f4nibus em Pasadena na manh\u00e3 de quarta-feira, com pelo menos uma pessoa algemada perto do Orange Grove Shopping Center.<\/p>\n<p><img src=\"https:\/\/media.nbclosangeles.com\/2025\/06\/40282830935-1080pnbcstations.jpg?quality=85&amp;strip=all&amp;resize=850%2C478\" alt=\"Watch: Apparent ICE raid spotted in busy area of Pasadena\" \/><\/p>\n<p><img src=\"https:\/\/media.nbclosangeles.com\/2025\/06\/40302923712-1080pnbcstations.jpg?quality=85&amp;strip=all&amp;resize=1200%2C675\" alt=\"ICE raid scares off workers helping rebuild Altadena \u2013 NBC Los Angeles\" \/><\/p>\n<p>&#8220;Muitos deles est\u00e3o assustados por causa do que est\u00e3o vendo nas not\u00edcias, do que est\u00e3o vendo nas redes sociais, e isso est\u00e1 prejudicando o processo de recupera\u00e7\u00e3o em Altadena&#8221;, disse Madera. Segundo l\u00edderes comunit\u00e1rios, pelo menos seis pessoas foram detidas por agentes do ICE na quarta-feira. Entre elas estava o tio de Gerardo Diaz, Pablo V\u00e1zquez, imigrante mexicano sem documentos e residente nos Estados Unidos h\u00e1 mais de duas d\u00e9cadas. &#8220;Todos os dias \u00fateis, ele vem aqui neste ponto de \u00f4nibus esperando uma carona para ir ao trabalho. Infelizmente, ele foi interceptado por agentes do ICE, que acabaram prendendo-o&#8221;, disse Diaz. N\u00e3o est\u00e1 claro se Diaz ou sua fam\u00edlia mantiveram contato com seu tio desde que ele foi detido.<\/p>\n<p>A NBC4 entrou em contato com o ICE sobre os eventos em Pasadena. Um porta-voz forneceu apenas uma declara\u00e7\u00e3o gen\u00e9rica no dia da opera\u00e7\u00e3o, dizendo em parte: \u201cAgentes e agentes de imigra\u00e7\u00e3o e alf\u00e2ndega dos EUA est\u00e3o nas ruas todos os dias, priorizando a seguran\u00e7a p\u00fablica ao localizar, prender e remover criminosos estrangeiros e infratores da imigra\u00e7\u00e3o de nossos bairros.\u201d A congressista Judy Chu criticou a opera\u00e7\u00e3o em Pasadena em sua p\u00e1gina de m\u00eddia social, dizendo que os agentes do ICE est\u00e3o mascarados, n\u00e3o fornecem mandados ou explica\u00e7\u00f5es e est\u00e3o apontando armas para as pessoas. O secret\u00e1rio adjunto do Departamento de Seguran\u00e7a Interna diz que as m\u00e1scaras usadas pelos agentes do gelo s\u00e3o para proteg\u00ea-los de serem alvos. &#8220;Mesmo depois desse ataque que aconteceu, e muitos est\u00e3o chamando de desastre atr\u00e1s de desastre, porque \u00e9 simplesmente um desastre que as fam\u00edlias est\u00e3o enfrentando. Estamos unidos, estamos aqui. Estamos organizados&#8221;, disse Madera. Equipes de resposta r\u00e1pida est\u00e3o agora circulando pela comunidade para alertar sobre quaisquer opera\u00e7\u00f5es de imigra\u00e7\u00e3o e continuar\u00e3o a fazer isso enquanto elas estiverem acontecendo, de acordo com Madera.<\/p>\n","protected":false},"excerpt":{"rendered":"<p>Os vizinhos est\u00e3o exigindo respostas depois que seis pessoas foram detidas durante uma opera\u00e7\u00e3o do ICE na quarta-feira em Pasadena, uma comunidade que ainda est\u00e1 se recuperando do mortal inc\u00eandio de Eaton. Alguns membros da comunidade dizem que as invas\u00f5es continuam afetando neg\u00f3cios como a constru\u00e7\u00e3o civil, inclusive em Altadena, que est\u00e1 nos est\u00e1gios iniciais do processo de reconstru\u00e7\u00e3o. &#8220;Ap\u00f3s o inc\u00eandio de Eaton, foram os trabalhadores diaristas, a comunidade migrante, que se mobilizaram para ajudar na limpeza. Para ajudar na recupera\u00e7\u00e3o&#8221;, disse Jos\u00e9 Madera, diretor do Centro de Empregos Comunit\u00e1rios de Pasadena. Madera vem recebendo trabalhadores na Lake Avenue [&hellip;]<\/p>\n","protected":false},"author":1,"featured_media":60808,"comment_status":"open","ping_status":"closed","sticky":false,"template":"","format":"standard","meta":{"_links_to":"","_links_to_target":""},"categories":[3,1,10],"tags":[],"views":870,"_links":{"self":[{"href":"https:\/\/www.brazilianpress.com\/v1\/wp-json\/wp\/v2\/posts\/60807"}],"collection":[{"href":"https:\/\/www.brazilianpress.com\/v1\/wp-json\/wp\/v2\/posts"}],"about":[{"href":"https:\/\/www.brazilianpress.com\/v1\/wp-json\/wp\/v2\/types\/post"}],"author":[{"embeddable":true,"href":"https:\/\/www.brazilianpress.com\/v1\/wp-json\/wp\/v2\/users\/1"}],"replies":[{"embeddable":true,"href":"https:\/\/www.brazilianpress.com\/v1\/wp-json\/wp\/v2\/comments?post=60807"}],"version-history":[{"count":1,"href":"https:\/\/www.brazilianpress.com\/v1\/wp-json\/wp\/v2\/posts\/60807\/revisions"}],"predecessor-version":[{"id":60809,"href":"https:\/\/www.brazilianpress.com\/v1\/wp-json\/wp\/v2\/posts\/60807\/revisions\/60809"}],"wp:featuredmedia":[{"embeddable":true,"href":"https:\/\/www.brazilianpress.com\/v1\/wp-json\/wp\/v2\/media\/60808"}],"wp:attachment":[{"href":"https:\/\/www.brazilianpress.com\/v1\/wp-json\/wp\/v2\/media?parent=60807"}],"wp:term":[{"taxonomy":"category","embeddable":true,"href":"https:\/\/www.brazilianpress.com\/v1\/wp-json\/wp\/v2\/categories?post=60807"},{"taxonomy":"post_tag","embeddable":true,"href":"https:\/\/www.brazilianpress.com\/v1\/wp-json\/wp\/v2\/tags?post=60807"}],"curies":[{"name":"wp","href":"https:\/\/api.w.org\/{rel}","templated":true}]}}