{"id":60926,"date":"2025-07-10T17:45:07","date_gmt":"2025-07-10T21:45:07","guid":{"rendered":"https:\/\/www.brazilianpress.com\/v1\/?p=60926"},"modified":"2025-07-10T17:45:07","modified_gmt":"2025-07-10T21:45:07","slug":"atletico-mg-inicia-semana-de-retorno-do-brasileiro-com-desafios-para-manter-aproveitamento-e-seguir-nas-copas","status":"publish","type":"post","link":"https:\/\/www.brazilianpress.com\/v1\/2025\/07\/10\/atletico-mg-inicia-semana-de-retorno-do-brasileiro-com-desafios-para-manter-aproveitamento-e-seguir-nas-copas\/","title":{"rendered":"Atl\u00e9tico-MG inicia semana de retorno do Brasileiro com desafios para manter aproveitamento e seguir nas copas"},"content":{"rendered":"<p><strong>Em n\u00fameros, o\u00a0<a href=\"https:\/\/globoesporte.globo.com\/futebol\/times\/atletico-mg\/\">Atl\u00e9tico-MG<\/a>\u00a0fechou a primeira parte da temporada de forma satisfat\u00f3ria. Mais de 60% de aproveitamento e vivo em todas as competi\u00e7\u00f5es. Agora, inicia a parte mais importante do ano: a fase final das copas, contra advers\u00e1rios mais dif\u00edceis, e uma sequ\u00eancia mais dura no Campeonato Brasileiro.<\/strong><\/p>\n<p>O elenco vai passar por esse momento com margem para melhorar o desempenho e corrigir problemas.\u00a0O\u00a0<strong>ge\u00a0<\/strong>listou tr\u00eas situa\u00e7\u00f5es que o Atl\u00e9tico precisa para evoluir na fase final do ano.<\/p>\n<p>A principal &#8216;bronca&#8217; nesse in\u00edcio de temporada foi a pontaria do ataque. Maior finalizador da S\u00e9rie A, o Atl\u00e9tico s\u00f3 \u00e9 o nono que mais balan\u00e7ou as redes, com 13 gols marcados.<\/p>\n<p>O assunto fez parte de quase todas as coletivas do t\u00e9cnico Cuca no primeiro semestre. Com a pausa para o mundial de clubes, o treinador teve um per\u00edodo cheio parar trabalhar e melhorar o aproveitamento do time no setor ofensivo.<\/p>\n<p>Hoje, Hulk \u00e9 o artilheiro do Atl\u00e9tico no ano. Em 26 jogos, marcou 11 vezes. Contudo, vem de uma seca de oito jogos.<\/p>\n<p><strong>Ajustes no elenco<\/strong><\/p>\n<p>O Atl\u00e9tico tem passado por dificuldades financeiras. Deixou claro que, nesta pr\u00f3xima janela, n\u00e3o far\u00e1 altos investimentos. Mas, mesmo assim, entende a necessidade da chegada de um primeiro volante para brigar por posi\u00e7\u00e3o no time.<\/p>\n<p>O executivo do clube, Paulo Bracks, \u00e9 quem est\u00e1 \u00e0 frente de todas as negocia\u00e7\u00f5es. Hoje, o clube s\u00f3 com Fausto Vera como de origem na posi\u00e7\u00e3o. Tem utilizado Alan Franco, Gabriel Menino, Patrick Silva, e Rubens para preencher lacunas.<\/p>\n<p>A meta \u00e9 ter um atleta de maior pegada e que entregue mais sem a bola, na marca\u00e7\u00e3o, na intensidade do jogo. Hoje, o clube ainda n\u00e3o trouxe ningu\u00e9m para a vaga.<\/p>\n<p><strong>Retornos do departamento m\u00e9dico<\/strong><\/p>\n<p>Os retornos do departamento m\u00e9dico s\u00e3o essenciais para a sequ\u00eancia que o time ter\u00e1 pela frente. Dois s\u00e3o chave: o atacante Cuello e o lateral esquerdo Guilherme Arana.<\/p>\n<p>Ambos sofreram com problemas musculares e est\u00e3o em fase final de recupera\u00e7\u00e3o. O argentino vinha sendo um dos destaques da temporada. Em 25 partidas, marcou quatro gols e anotou cinco assist\u00eancias.<\/p>\n<p>J\u00e1 Arena busca regularidade na equipe. Ainda n\u00e3o engrenou o bom futebol dos \u00faltimos anos e tenta evoluir fisicamente para ajudar pelo lado esquerdo. Na posi\u00e7\u00e3o, Cuca testou Caio Paulista &#8211; que n\u00e3o foi bem, e Rubens, que tem sido improvisado sem o titular \u00e0 disposi\u00e7\u00e3o.<\/p>\n<p>A sequ\u00eancia atleticana \u00e9 dura. Encara dois times que est\u00e3o no G-6 (Bahia e Palmeiras) e tem um duelo pelos playoffs da Sul-Americana, diante do Atl\u00e9tico Bucaramanga, da Col\u00f4mbia. O primeiro jogo \u00e9 fora de casa, com a decis\u00e3o da vaga sendo na Arena MRV.<\/p>\n","protected":false},"excerpt":{"rendered":"<p>Em n\u00fameros, o\u00a0Atl\u00e9tico-MG\u00a0fechou a primeira parte da temporada de forma satisfat\u00f3ria. Mais de 60% de aproveitamento e vivo em todas as competi\u00e7\u00f5es. Agora, inicia a parte mais importante do ano: a fase final das copas, contra advers\u00e1rios mais dif\u00edceis, e uma sequ\u00eancia mais dura no Campeonato Brasileiro. O elenco vai passar por esse momento com margem para melhorar o desempenho e corrigir problemas.\u00a0O\u00a0ge\u00a0listou tr\u00eas situa\u00e7\u00f5es que o Atl\u00e9tico precisa para evoluir na fase final do ano. A principal &#8216;bronca&#8217; nesse in\u00edcio de temporada foi a pontaria do ataque. Maior finalizador da S\u00e9rie A, o Atl\u00e9tico s\u00f3 \u00e9 o nono que [&hellip;]<\/p>\n","protected":false},"author":1,"featured_media":60927,"comment_status":"open","ping_status":"closed","sticky":false,"template":"","format":"standard","meta":{"_links_to":"","_links_to_target":""},"categories":[9,1],"tags":[],"views":1332,"_links":{"self":[{"href":"https:\/\/www.brazilianpress.com\/v1\/wp-json\/wp\/v2\/posts\/60926"}],"collection":[{"href":"https:\/\/www.brazilianpress.com\/v1\/wp-json\/wp\/v2\/posts"}],"about":[{"href":"https:\/\/www.brazilianpress.com\/v1\/wp-json\/wp\/v2\/types\/post"}],"author":[{"embeddable":true,"href":"https:\/\/www.brazilianpress.com\/v1\/wp-json\/wp\/v2\/users\/1"}],"replies":[{"embeddable":true,"href":"https:\/\/www.brazilianpress.com\/v1\/wp-json\/wp\/v2\/comments?post=60926"}],"version-history":[{"count":1,"href":"https:\/\/www.brazilianpress.com\/v1\/wp-json\/wp\/v2\/posts\/60926\/revisions"}],"predecessor-version":[{"id":60928,"href":"https:\/\/www.brazilianpress.com\/v1\/wp-json\/wp\/v2\/posts\/60926\/revisions\/60928"}],"wp:featuredmedia":[{"embeddable":true,"href":"https:\/\/www.brazilianpress.com\/v1\/wp-json\/wp\/v2\/media\/60927"}],"wp:attachment":[{"href":"https:\/\/www.brazilianpress.com\/v1\/wp-json\/wp\/v2\/media?parent=60926"}],"wp:term":[{"taxonomy":"category","embeddable":true,"href":"https:\/\/www.brazilianpress.com\/v1\/wp-json\/wp\/v2\/categories?post=60926"},{"taxonomy":"post_tag","embeddable":true,"href":"https:\/\/www.brazilianpress.com\/v1\/wp-json\/wp\/v2\/tags?post=60926"}],"curies":[{"name":"wp","href":"https:\/\/api.w.org\/{rel}","templated":true}]}}