{"id":60988,"date":"2025-07-19T06:37:21","date_gmt":"2025-07-19T10:37:21","guid":{"rendered":"https:\/\/www.brazilianpress.com\/v1\/?p=60988"},"modified":"2025-07-19T06:46:14","modified_gmt":"2025-07-19T10:46:14","slug":"urgente-apos-bolsonaro-sofrer-operacao-da-pf-governo-trump-revoga-visto-de-alexandre-de-moraes-e-seus-aliados","status":"publish","type":"post","link":"https:\/\/www.brazilianpress.com\/v1\/2025\/07\/19\/urgente-apos-bolsonaro-sofrer-operacao-da-pf-governo-trump-revoga-visto-de-alexandre-de-moraes-e-seus-aliados\/","title":{"rendered":"Urgente: Ap\u00f3s Bolsonaro sofrer opera\u00e7\u00e3o da PF, governo Trump revoga visto de Alexandre de Moraes e &#8220;seus aliados&#8221;"},"content":{"rendered":"<p><strong>Em uma medida in\u00e9dita e de forte teor pol\u00edtico, o secret\u00e1rio de Estado do governo Trump, Marco Rubio, anunciou nesta sexta-feira (18) a revoga\u00e7\u00e3o dos vistos americanos do ministro do Supremo Tribunal Federal (STF) Alexandre de Moraes, al\u00e9m dos vistos de seus &#8220;aliados e familiares imediatos&#8221;. A justificativa apresentada por Rubio foi a de que Moraes estaria promovendo uma &#8220;ca\u00e7a \u00e0s bruxas pol\u00edtica&#8221; contra o ex-presidente Jair Bolsonaro e seus apoiadores, atingindo inclusive cidad\u00e3os norte-americanos.<\/strong><\/p>\n<p>&#8220;O presidente Trump deixou claro que seu governo responsabilizar\u00e1 estrangeiros respons\u00e1veis pela censura de express\u00e3o protegida nos Estados Unidos&#8221;, escreveu Rubio na rede social X. &#8220;A ca\u00e7a \u00e0s bruxas pol\u00edtica do Ministro Alexandre de Moraes criou um complexo de persegui\u00e7\u00e3o e censura t\u00e3o abrangente que n\u00e3o apenas viola direitos b\u00e1sicos dos brasileiros, mas tamb\u00e9m se estende al\u00e9m das fronteiras do Brasil, atingindo os americanos&#8221;, completou.<\/p>\n<blockquote class=\"twitter-tweet\" data-width=\"550\" data-dnt=\"true\">\n<p lang=\"en\" dir=\"ltr\">.<a href=\"https:\/\/twitter.com\/POTUS?ref_src=twsrc%5Etfw\">@POTUS<\/a> made clear\u00a0that his administration will hold accountable foreign nationals who are responsible for censorship of protected expression in the United States. Brazilian Supreme Federal Court Justice Alexandre de Moraes&#39;s political witch hunt against Jair Bolsonaro created a\u2026<\/p>\n<p>&mdash; Secretary Marco Rubio (@SecRubio) <a href=\"https:\/\/twitter.com\/SecRubio\/status\/1946349695221043669?ref_src=twsrc%5Etfw\">July 18, 2025<\/a><\/p><\/blockquote>\n<p><script async src=\"https:\/\/platform.twitter.com\/widgets.js\" charset=\"utf-8\"><\/script><\/p>\n<p>Segundo apurado pelo Blog do Marcelo, ainda n\u00e3o foi divulgada uma lista oficial com os nomes dos &#8220;aliados&#8221; de Moraes cujos vistos teriam sido revogados. A medida, no entanto, tem gerado rea\u00e7\u00f5es imediatas tanto no Brasil quanto nos Estados Unidos.<\/p>\n<p>A decis\u00e3o ocorre no mesmo dia em que o ministro Alexandre de Moraes determinou o uso de tornozeleira eletr\u00f4nica pelo ex-presidente Jair Bolsonaro, tamb\u00e9m por entender que h\u00e1 risco de fuga do pa\u00eds. A medida foi solicitada pela Procuradoria-Geral da Rep\u00fablica (PGR), que apontou &#8220;concreta possibilidade&#8221; de que Bolsonaro tentasse deixar o Brasil para se refugiar em outro pa\u00eds, especialmente ap\u00f3s a\u00e7\u00f5es de sua defesa nos \u00faltimos dias.<\/p>\n<blockquote class=\"twitter-tweet\" data-width=\"550\" data-dnt=\"true\">\n<p lang=\"pt\" dir=\"ltr\">MUITO OBRIGADO Pres. <a href=\"https:\/\/twitter.com\/realDonaldTrump?ref_src=twsrc%5Etfw\">@realDonaldTrump<\/a> e <a href=\"https:\/\/twitter.com\/SecRubio?ref_src=twsrc%5Etfw\">@SecRubio<\/a>\ud83d\ude4f<\/p>\n<p>Eu n\u00e3o posso ver meu pai e agora tem autoridade brasileira que n\u00e3o poder\u00e1 ver seus familiares nos EUA tamb\u00e9m &#8211; ou quem sabe at\u00e9 perder\u00e3o seus vistos.<\/p>\n<p>Eis o CUSTO MORAES para quem sustenta o regime.<\/p>\n<p>De garantido s\u00f3 posso falar\u2026 <a href=\"https:\/\/t.co\/sjhwAHNjoQ\">https:\/\/t.co\/sjhwAHNjoQ<\/a><\/p>\n<p>&mdash; Eduardo Bolsonaro\ud83c\udde7\ud83c\uddf7 (@BolsonaroSP) <a href=\"https:\/\/twitter.com\/BolsonaroSP\/status\/1946354443009552560?ref_src=twsrc%5Etfw\">July 18, 2025<\/a><\/p><\/blockquote>\n<p><script async src=\"https:\/\/platform.twitter.com\/widgets.js\" charset=\"utf-8\"><\/script><\/p>\n<p>Bolsonaro classificou a decis\u00e3o como uma &#8220;suprema humilha\u00e7\u00e3o&#8221;, enquanto seu filho, o deputado Eduardo Bolsonaro (PL-SP), agradeceu publicamente a Trump e a Marco Rubio pela retalia\u00e7\u00e3o a Moraes. &#8220;Eu n\u00e3o posso ver meu pai e agora tem autoridade brasileira que n\u00e3o poder\u00e1 ver seus familiares nos EUA tamb\u00e9m \u2014 ou quem sabe at\u00e9 perder\u00e3o seus vistos&#8221;, afirmou Eduardo, que est\u00e1 licenciado do mandato e reside nos Estados Unidos.<\/p>\n<p><strong>O blogueiro Paulo Figueiredo tem mais detalhes:<\/strong><\/p>\n<blockquote class=\"twitter-tweet\" data-width=\"550\" data-dnt=\"true\">\n<p lang=\"pt\" dir=\"ltr\">\ud83d\udea8 URGENTE: Alexandre de Moraes, seus aliados e familiares sofrem primeira leva de san\u00e7\u00f5es. <a href=\"https:\/\/t.co\/sOQ7dhNvTs\">pic.twitter.com\/sOQ7dhNvTs<\/a><\/p>\n<p>&mdash; Paulo Figueiredo (8) (@pfigueiredo08) <a href=\"https:\/\/twitter.com\/pfigueiredo08\/status\/1946354664829501536?ref_src=twsrc%5Etfw\">July 18, 2025<\/a><\/p><\/blockquote>\n<p><script async src=\"https:\/\/platform.twitter.com\/widgets.js\" charset=\"utf-8\"><\/script><\/p>\n<p>Apesar da press\u00e3o de bolsonaristas, a medida anunciada por Rubio n\u00e3o se enquadra na chamada Lei Magnitsky, que permite san\u00e7\u00f5es mais severas, como o congelamento de bens e proibi\u00e7\u00e3o de acesso ao sistema financeiro norte-americano. A lei, que entrou em vigor em 2012 durante o governo Obama, foi criada ap\u00f3s a morte do advogado russo Sergei Magnitsky, que investigava casos de corrup\u00e7\u00e3o na R\u00fassia e morreu sob cust\u00f3dia russa. A aplica\u00e7\u00e3o da Lei Magnitsky requer um processo mais rigoroso e a comprova\u00e7\u00e3o de viola\u00e7\u00f5es graves de direitos humanos. At\u00e9 o momento, o governo dos EUA n\u00e3o indicou que pretende adotar esse mecanismo contra o ministro brasileiro. A decis\u00e3o de revogar vistos, ainda que simb\u00f3lica, refor\u00e7a a escalada das tens\u00f5es entre os Estados Unidos e o Brasil, em um contexto de polariza\u00e7\u00e3o pol\u00edtica tanto no cen\u00e1rio interno quanto internacional. O Supremo Tribunal Federal ainda n\u00e3o se manifestou oficialmente sobre a medida anunciada por Marco Rubio.<\/p>\n","protected":false},"excerpt":{"rendered":"<p>Em uma medida in\u00e9dita e de forte teor pol\u00edtico, o secret\u00e1rio de Estado do governo Trump, Marco Rubio, anunciou nesta sexta-feira (18) a revoga\u00e7\u00e3o dos vistos americanos do ministro do Supremo Tribunal Federal (STF) Alexandre de Moraes, al\u00e9m dos vistos de seus &#8220;aliados e familiares imediatos&#8221;. A justificativa apresentada por Rubio foi a de que Moraes estaria promovendo uma &#8220;ca\u00e7a \u00e0s bruxas pol\u00edtica&#8221; contra o ex-presidente Jair Bolsonaro e seus apoiadores, atingindo inclusive cidad\u00e3os norte-americanos. &#8220;O presidente Trump deixou claro que seu governo responsabilizar\u00e1 estrangeiros respons\u00e1veis pela censura de express\u00e3o protegida nos Estados Unidos&#8221;, escreveu Rubio na rede social X. [&hellip;]<\/p>\n","protected":false},"author":1,"featured_media":60989,"comment_status":"open","ping_status":"closed","sticky":false,"template":"","format":"standard","meta":{"_links_to":"","_links_to_target":""},"categories":[7,3,1],"tags":[],"views":1469,"_links":{"self":[{"href":"https:\/\/www.brazilianpress.com\/v1\/wp-json\/wp\/v2\/posts\/60988"}],"collection":[{"href":"https:\/\/www.brazilianpress.com\/v1\/wp-json\/wp\/v2\/posts"}],"about":[{"href":"https:\/\/www.brazilianpress.com\/v1\/wp-json\/wp\/v2\/types\/post"}],"author":[{"embeddable":true,"href":"https:\/\/www.brazilianpress.com\/v1\/wp-json\/wp\/v2\/users\/1"}],"replies":[{"embeddable":true,"href":"https:\/\/www.brazilianpress.com\/v1\/wp-json\/wp\/v2\/comments?post=60988"}],"version-history":[{"count":2,"href":"https:\/\/www.brazilianpress.com\/v1\/wp-json\/wp\/v2\/posts\/60988\/revisions"}],"predecessor-version":[{"id":60991,"href":"https:\/\/www.brazilianpress.com\/v1\/wp-json\/wp\/v2\/posts\/60988\/revisions\/60991"}],"wp:featuredmedia":[{"embeddable":true,"href":"https:\/\/www.brazilianpress.com\/v1\/wp-json\/wp\/v2\/media\/60989"}],"wp:attachment":[{"href":"https:\/\/www.brazilianpress.com\/v1\/wp-json\/wp\/v2\/media?parent=60988"}],"wp:term":[{"taxonomy":"category","embeddable":true,"href":"https:\/\/www.brazilianpress.com\/v1\/wp-json\/wp\/v2\/categories?post=60988"},{"taxonomy":"post_tag","embeddable":true,"href":"https:\/\/www.brazilianpress.com\/v1\/wp-json\/wp\/v2\/tags?post=60988"}],"curies":[{"name":"wp","href":"https:\/\/api.w.org\/{rel}","templated":true}]}}