{"id":60992,"date":"2025-07-19T14:14:23","date_gmt":"2025-07-19T18:14:23","guid":{"rendered":"https:\/\/www.brazilianpress.com\/v1\/?p=60992"},"modified":"2025-07-19T14:14:23","modified_gmt":"2025-07-19T18:14:23","slug":"medo-de-deportacao-faz-brasileiros-reconsiderarem-vida-nos-eua-com-donald-trump-na-presidencia","status":"publish","type":"post","link":"https:\/\/www.brazilianpress.com\/v1\/2025\/07\/19\/medo-de-deportacao-faz-brasileiros-reconsiderarem-vida-nos-eua-com-donald-trump-na-presidencia\/","title":{"rendered":"Medo de deporta\u00e7\u00e3o faz brasileiros reconsiderarem vida nos EUA com Donald Trump na presid\u00eancia"},"content":{"rendered":"<p><strong>\u00a0A comunidade brasileira que vive nos Estados Unidos atravessa um momento de grande apreens\u00e3o diante das pol\u00edticas imigrat\u00f3rias mais r\u00edgidas associadas ao governo de Donald Trump. Muitos brasileiros v\u00eam considerando deixar o pa\u00eds devido ao temor crescente de serem presos e deportados, segundo relatos de quem acompanha de perto a situa\u00e7\u00e3o.<\/strong><\/p>\n<p>Melissa Mondadori, brasileira residente h\u00e1 24 anos nos EUA, compartilhou em suas redes sociais suas observa\u00e7\u00f5es sobre essa movimenta\u00e7\u00e3o entre os conterr\u00e2neos. Preocupada com o clima de inseguran\u00e7a, ela decidiu realizar uma enquete entre seus seguidores no Instagram para entender melhor os receios da comunidade brasileira.<\/p>\n<p><span style=\"color: #993300;\"><strong>Assista:<\/strong><\/span><\/p>\n<div style=\"width: 640px;\" class=\"wp-video\"><!--[if lt IE 9]><script>document.createElement('video');<\/script><![endif]-->\n<video class=\"wp-video-shortcode\" id=\"video-60992-1\" width=\"640\" height=\"360\" preload=\"metadata\" controls=\"controls\"><source type=\"video\/mp4\" src=\"https:\/\/ampost.com.br\/wp-content\/uploads\/2025\/07\/WhatsApp-Video-2025-07-16-at-16.00.00.mp4?_=1\" \/><a href=\"https:\/\/ampost.com.br\/wp-content\/uploads\/2025\/07\/WhatsApp-Video-2025-07-16-at-16.00.00.mp4\">https:\/\/ampost.com.br\/wp-content\/uploads\/2025\/07\/WhatsApp-Video-2025-07-16-at-16.00.00.mp4<\/a><\/video><\/div>\n<p>A pesquisa revelou um consenso claro: o medo de ser detido por estar em situa\u00e7\u00e3o irregular nos Estados Unidos. \u201cA resposta da grande maioria foi o medo de Trump, medo do que est\u00e1 acontecendo na imigra\u00e7\u00e3o. Porque se voc\u00ea n\u00e3o tem permiss\u00e3o para viver nos Estados Unidos, tem grande chance de ser preso e deportado\u201d, explicou Melissa.<\/p>\n<p>Esse clima de temor tem levado muitos brasileiros a reconsiderar seus planos nos EUA, optando por retornar ao Brasil e desistir do chamado \u201csonho americano\u201d. A decis\u00e3o, embora dolorosa para muitos, reflete a realidade vivida por milhares que veem suas vidas amea\u00e7adas pela instabilidade pol\u00edtica e pelas mudan\u00e7as na legisla\u00e7\u00e3o migrat\u00f3ria. O impacto desse cen\u00e1rio \u00e9 sentido n\u00e3o apenas na comunidade imigrante, mas tamb\u00e9m nas fam\u00edlias e nas redes de apoio formadas ao longo dos anos. Especialistas apontam que, diante desse contexto, \u00e9 fundamental que os brasileiros busquem informa\u00e7\u00f5es confi\u00e1veis e assist\u00eancia jur\u00eddica para entender seus direitos e evitar situa\u00e7\u00f5es de vulnerabilidade.<\/p>\n<p>\/\/ Fonte: AM Post.<\/p>\n","protected":false},"excerpt":{"rendered":"<p>\u00a0A comunidade brasileira que vive nos Estados Unidos atravessa um momento de grande apreens\u00e3o diante das pol\u00edticas imigrat\u00f3rias mais r\u00edgidas associadas ao governo de Donald Trump. Muitos brasileiros v\u00eam considerando deixar o pa\u00eds devido ao temor crescente de serem presos e deportados, segundo relatos de quem acompanha de perto a situa\u00e7\u00e3o. Melissa Mondadori, brasileira residente h\u00e1 24 anos nos EUA, compartilhou em suas redes sociais suas observa\u00e7\u00f5es sobre essa movimenta\u00e7\u00e3o entre os conterr\u00e2neos. Preocupada com o clima de inseguran\u00e7a, ela decidiu realizar uma enquete entre seus seguidores no Instagram para entender melhor os receios da comunidade brasileira. Assista: https:\/\/ampost.com.br\/wp-content\/uploads\/2025\/07\/WhatsApp-Video-2025-07-16-at-16.00.00.mp4 A [&hellip;]<\/p>\n","protected":false},"author":1,"featured_media":60993,"comment_status":"open","ping_status":"closed","sticky":false,"template":"","format":"standard","meta":{"_links_to":"","_links_to_target":""},"categories":[4,3,1],"tags":[],"views":1731,"_links":{"self":[{"href":"https:\/\/www.brazilianpress.com\/v1\/wp-json\/wp\/v2\/posts\/60992"}],"collection":[{"href":"https:\/\/www.brazilianpress.com\/v1\/wp-json\/wp\/v2\/posts"}],"about":[{"href":"https:\/\/www.brazilianpress.com\/v1\/wp-json\/wp\/v2\/types\/post"}],"author":[{"embeddable":true,"href":"https:\/\/www.brazilianpress.com\/v1\/wp-json\/wp\/v2\/users\/1"}],"replies":[{"embeddable":true,"href":"https:\/\/www.brazilianpress.com\/v1\/wp-json\/wp\/v2\/comments?post=60992"}],"version-history":[{"count":1,"href":"https:\/\/www.brazilianpress.com\/v1\/wp-json\/wp\/v2\/posts\/60992\/revisions"}],"predecessor-version":[{"id":60994,"href":"https:\/\/www.brazilianpress.com\/v1\/wp-json\/wp\/v2\/posts\/60992\/revisions\/60994"}],"wp:featuredmedia":[{"embeddable":true,"href":"https:\/\/www.brazilianpress.com\/v1\/wp-json\/wp\/v2\/media\/60993"}],"wp:attachment":[{"href":"https:\/\/www.brazilianpress.com\/v1\/wp-json\/wp\/v2\/media?parent=60992"}],"wp:term":[{"taxonomy":"category","embeddable":true,"href":"https:\/\/www.brazilianpress.com\/v1\/wp-json\/wp\/v2\/categories?post=60992"},{"taxonomy":"post_tag","embeddable":true,"href":"https:\/\/www.brazilianpress.com\/v1\/wp-json\/wp\/v2\/tags?post=60992"}],"curies":[{"name":"wp","href":"https:\/\/api.w.org\/{rel}","templated":true}]}}