{"id":61034,"date":"2025-07-24T17:32:48","date_gmt":"2025-07-24T21:32:48","guid":{"rendered":"https:\/\/www.brazilianpress.com\/v1\/?p=61034"},"modified":"2025-07-24T17:32:48","modified_gmt":"2025-07-24T21:32:48","slug":"estamos-atentos-e-tomando-medidas-diz-auxiliar-de-marco-rubio-sobre-o-ministro-do-stf-alexandre-de-moraes","status":"publish","type":"post","link":"https:\/\/www.brazilianpress.com\/v1\/2025\/07\/24\/estamos-atentos-e-tomando-medidas-diz-auxiliar-de-marco-rubio-sobre-o-ministro-do-stf-alexandre-de-moraes\/","title":{"rendered":"\u201cEstamos atentos e tomando medidas\u201d, diz auxiliar de Marco Rubio sobre o ministro do STF Alexandre de Moraes"},"content":{"rendered":"<p><strong>O subsecret\u00e1rio do Departamento de Estado dos Estados Unidos, respons\u00e1vel pela \u00e1rea de Diplomacia P\u00fablica, Darren Beattie (<em>foto abaixo<\/em>), afirmou nesta quinta-feira (24\/7) que o ministro Supremo Tribunal Federal (STF) Alexandre de Moraes \u201c\u00e9 o cora\u00e7\u00e3o pulsante do complexo de persegui\u00e7\u00e3o e censura\u201d contra o ex-presidente Jair Bolsonaro (PL).<\/strong><\/p>\n<p>Segundo ele, os EUA est\u00e3o \u201catentos e tomando medidas\u201d. O Departamento de Estado \u00e9 chefiado por Marco Rubio.<\/p>\n<p><img src=\"https:\/\/www.theamericanconservative.com\/wp-content\/uploads\/2025\/04\/Darren-Beattie-8x10-1-scaled-1-e1744040890942.jpg\" alt=\"Trump's Free-Speech Warrior? - The American Conservative\" \/><\/p>\n<p>\u201cO Juiz Moraes \u00e9 o cora\u00e7\u00e3o pulsante do complexo de persegui\u00e7\u00e3o e censura contra Jair Bolsonaro, que por sua vez cerceou a liberdade de express\u00e3o nos Estados Unidos. Gra\u00e7as \u00e0 lideran\u00e7a do Presidente Trump e do Secret\u00e1rio Rubio, estamos atentos e tomando medidas\u201d, escreveu Darren Beattie em sua conta no X.<\/p>\n<p>A postagem foi feita em resposta a publica\u00e7\u00e3o de Marco Rubio, no dia 18 de julho, anunciando a suspen\u00e7\u00e3o do visto de Moraes, de seus aliados na Corte e de familiares pr\u00f3ximos de todos eles. \u201cA ca\u00e7a \u00e0s bruxas pol\u00edtica do ministro Alexandre de Moraes, do Supremo Tribunal Federal, contra Jair Bolsonaro criou um complexo de persegui\u00e7\u00e3o e censura t\u00e3o abrangente que n\u00e3o apenas viola direitos b\u00e1sicos dos brasileiros, mas tamb\u00e9m se estende al\u00e9m das fronteiras do Brasil, atingindo os americanos. Portanto, ordenei a revoga\u00e7\u00e3o dos vistos de Moraes e seus aliados na corte, bem como de seus familiares pr\u00f3ximos, com efeito imediato\u201d, afirmou Rubio.<\/p>\n<p><img src=\"https:\/\/platform.vox.com\/wp-content\/uploads\/sites\/2\/chorus\/uploads\/chorus_asset\/file\/15700473\/GettyImages-510096400.0.0.1486148307.jpg?quality=90&amp;strip=all&amp;crop=0.5%2C0%2C99%2C100&amp;w=2400\" alt=\"Why the Republican race is looking more and more like Donald Trump vs. Marco  Rubio | Vox\" \/><\/p>\n<p>Em julho, Darren Beattie j\u00e1 havia postado uma amea\u00e7a a Moraes. \u201cO presidente Trump enviou uma carta impondo consequ\u00eancias h\u00e1 muito esperadas \u00e0 Suprema Corte de Moraes e ao governo Lula por seus ataques a Jair Bolsonaro, \u00e0 liberdade de express\u00e3o e ao com\u00e9rcio americano. Tais ataques s\u00e3o uma vergonha e est\u00e3o muito aqu\u00e9m da dignidade das tradi\u00e7\u00f5es democr\u00e1ticas do Brasil. As declara\u00e7\u00f5es do presidente Trump s\u00e3o claras. Estaremos observando atentamente\u201d, diz a postagem.<\/p>\n","protected":false},"excerpt":{"rendered":"<p>O subsecret\u00e1rio do Departamento de Estado dos Estados Unidos, respons\u00e1vel pela \u00e1rea de Diplomacia P\u00fablica, Darren Beattie (foto abaixo), afirmou nesta quinta-feira (24\/7) que o ministro Supremo Tribunal Federal (STF) Alexandre de Moraes \u201c\u00e9 o cora\u00e7\u00e3o pulsante do complexo de persegui\u00e7\u00e3o e censura\u201d contra o ex-presidente Jair Bolsonaro (PL). Segundo ele, os EUA est\u00e3o \u201catentos e tomando medidas\u201d. O Departamento de Estado \u00e9 chefiado por Marco Rubio. \u201cO Juiz Moraes \u00e9 o cora\u00e7\u00e3o pulsante do complexo de persegui\u00e7\u00e3o e censura contra Jair Bolsonaro, que por sua vez cerceou a liberdade de express\u00e3o nos Estados Unidos. Gra\u00e7as \u00e0 lideran\u00e7a do Presidente [&hellip;]<\/p>\n","protected":false},"author":1,"featured_media":61035,"comment_status":"open","ping_status":"closed","sticky":false,"template":"","format":"standard","meta":{"_links_to":"","_links_to_target":""},"categories":[7,3,1],"tags":[],"views":1468,"_links":{"self":[{"href":"https:\/\/www.brazilianpress.com\/v1\/wp-json\/wp\/v2\/posts\/61034"}],"collection":[{"href":"https:\/\/www.brazilianpress.com\/v1\/wp-json\/wp\/v2\/posts"}],"about":[{"href":"https:\/\/www.brazilianpress.com\/v1\/wp-json\/wp\/v2\/types\/post"}],"author":[{"embeddable":true,"href":"https:\/\/www.brazilianpress.com\/v1\/wp-json\/wp\/v2\/users\/1"}],"replies":[{"embeddable":true,"href":"https:\/\/www.brazilianpress.com\/v1\/wp-json\/wp\/v2\/comments?post=61034"}],"version-history":[{"count":1,"href":"https:\/\/www.brazilianpress.com\/v1\/wp-json\/wp\/v2\/posts\/61034\/revisions"}],"predecessor-version":[{"id":61036,"href":"https:\/\/www.brazilianpress.com\/v1\/wp-json\/wp\/v2\/posts\/61034\/revisions\/61036"}],"wp:featuredmedia":[{"embeddable":true,"href":"https:\/\/www.brazilianpress.com\/v1\/wp-json\/wp\/v2\/media\/61035"}],"wp:attachment":[{"href":"https:\/\/www.brazilianpress.com\/v1\/wp-json\/wp\/v2\/media?parent=61034"}],"wp:term":[{"taxonomy":"category","embeddable":true,"href":"https:\/\/www.brazilianpress.com\/v1\/wp-json\/wp\/v2\/categories?post=61034"},{"taxonomy":"post_tag","embeddable":true,"href":"https:\/\/www.brazilianpress.com\/v1\/wp-json\/wp\/v2\/tags?post=61034"}],"curies":[{"name":"wp","href":"https:\/\/api.w.org\/{rel}","templated":true}]}}