{"id":61037,"date":"2025-07-25T15:38:14","date_gmt":"2025-07-25T19:38:14","guid":{"rendered":"https:\/\/www.brazilianpress.com\/v1\/?p=61037"},"modified":"2025-07-25T15:38:14","modified_gmt":"2025-07-25T19:38:14","slug":"eua-comecam-a-deportar-imigrantes-presos-na-alcatraz-dos-jacares-diz-governador-da-florida","status":"publish","type":"post","link":"https:\/\/www.brazilianpress.com\/v1\/2025\/07\/25\/eua-comecam-a-deportar-imigrantes-presos-na-alcatraz-dos-jacares-diz-governador-da-florida\/","title":{"rendered":"EUA come\u00e7am a deportar imigrantes presos na &#8216;Alcatraz dos Jacar\u00e9s&#8217;, diz governador da Fl\u00f3rida"},"content":{"rendered":"<p><strong>O governo dos Estados Unidos deu in\u00edcio a uma opera\u00e7\u00e3o de deporta\u00e7\u00e3o em massa a partir da nova instala\u00e7\u00e3o de deten\u00e7\u00e3o conhecida como \u201cAlcatraz dos Jacar\u00e9s\u201d, localizada em um antigo aeroporto militar isolado no sul da Fl\u00f3rida, confirmou nesta sexta-feira (25) o governador do estado, Ron DeSantis. As primeiras remo\u00e7\u00f5es de imigrantes ocorreram poucos dias ap\u00f3s a chegada dos primeiros detentos ao centro, que foi inaugurado oficialmente no in\u00edcio do m\u00eas com a presen\u00e7a do presidente Donald Trump.<\/strong><\/p>\n<p>Segundo apurado pelo Brazilian Press, os voos s\u00e3o coordenados pelo Departamento de Seguran\u00e7a Interna (DHS) e utilizam a longa pista de pouso do local \u2014 com mais de 3 quil\u00f4metros \u2014 para embarcar rapidamente dezenas de imigrantes considerados ilegais ou com antecedentes criminais. A proximidade geogr\u00e1fica com pa\u00edses da Am\u00e9rica Latina e o acesso direto a rotas a\u00e9reas internacionais tornam a estrutura estrat\u00e9gica para o aumento no ritmo das deporta\u00e7\u00f5es.<\/p>\n<p><img src=\"https:\/\/d3i6fh83elv35t.cloudfront.net\/static\/2025\/07\/2025-07-01T160248Z_441200484_RC2SDFADAOLF_RTRMADP_3_USA-TRUMP-1024x683.jpg\" alt=\"First immigration detainees arrive at 'Alligator Alcatraz' in Florida  Everglades | PBS News\" \/><\/p>\n<p>\u201cLevantamos o Alcatraz dos Jacar\u00e9s em apenas oito dias como uma instala\u00e7\u00e3o centralizada para opera\u00e7\u00f5es de deporta\u00e7\u00e3o. Esses voos j\u00e1 est\u00e3o em andamento, e vamos intensificar o n\u00famero de sa\u00eddas semanais\u201d, afirmou DeSantis durante coletiva no Pal\u00e1cio do Governador, destacando o papel da nova pris\u00e3o como s\u00edmbolo da postura \u201cr\u00edgida e eficiente\u201d do governo frente \u00e0 imigra\u00e7\u00e3o irregular.<\/p>\n<p>A instala\u00e7\u00e3o, montada sobre um terreno pantanoso a cerca de 60 km de Miami, ocupa um antigo campo de treinamento de pilotos e foi adaptada com estruturas tempor\u00e1rias, como cont\u00eaineres e tendas, capazes de abrigar at\u00e9 5 mil pessoas. Os detentos ficam em celas cercadas por alambrados, com beliches dispostos em fileiras, sob vigil\u00e2ncia de cerca de 100 agentes da Guarda Nacional da Fl\u00f3rida.<\/p>\n<p><img src=\"https:\/\/www.ctvnews.ca\/resizer\/v2\/EIENQHLD7WSCM56EW6SVDD6HRA.jpg?smart=true&amp;auth=d684a0ad1b289eccfaf0ec82a7267cf7167ec10bf0af52144fe44c0b384a18bf&amp;width=1400&amp;height=787\" alt=\"Lawmakers visit 'Alligator Alcatraz,' but some wonder how much they'll get  to see\" \/><\/p>\n<p>O ambiente hostil da regi\u00e3o \u2014 lar de aproximadamente 200 mil jacar\u00e9s, al\u00e9m de crocodilos-americanos e cobras venenosas \u2014 foi destacado pelas autoridades como um fator dissuasivo natural contra fugas. \u201cA natureza j\u00e1 cuida de parte da seguran\u00e7a\u201d, disse um oficial do Servi\u00e7o de Imigra\u00e7\u00e3o e Alf\u00e2ndega (ICE) sob condi\u00e7\u00e3o de anonimato.<\/p>\n<p>Apesar da justificativa de seguran\u00e7a, especialistas em direitos humanos j\u00e1 manifestaram preocupa\u00e7\u00e3o com as condi\u00e7\u00f5es do local. O custo di\u00e1rio por detento \u00e9 estimado em US$ 247 \u2014 54% mais caro do que o gasto m\u00e9dio em centros tradicionais de deten\u00e7\u00e3o. Com isso, o custo anual da opera\u00e7\u00e3o pode chegar a US$ 450 milh\u00f5es (R$ 2,4 bilh\u00f5es), um valor que tem gerado debates no Congresso.<\/p>\n<p><img src=\"https:\/\/www.reuters.com\/resizer\/v2\/NW2JYOXVSFNN3KTAHQEFRIF4U4.jpg?auth=88e16067505b25911736c85bf25396f9f7ae35cf0ed05070e94e0fd42e889025&amp;width=4371&amp;quality=80\" alt=\"Trump to visit 'Alligator Alcatraz' migrant detention center this week |  Reuters\" \/><\/p>\n<p>O DHS divulgou nas \u00faltimas horas um v\u00eddeo mostrando imigrantes sendo conduzidos a avi\u00f5es com a legenda: \u201cEmbarcando agora: aliens criminosos e ilegais. Pr\u00f3xima parada: qualquer lugar, menos aqui.\u201d O termo \u201calien\u201d, comumente usado pelo governo para se referir a estrangeiros fora da legalidade, voltou ao centro da pol\u00eamica. O v\u00eddeo n\u00e3o especifica onde foi gravado, mas fontes do Brazilian Press indicam que algumas cenas foram filmadas na pista adjacente \u00e0 nova pris\u00e3o.<\/p>\n<p>A escolha do nome \u201cAlcatraz dos Jacar\u00e9s\u201d \u2014 uma alus\u00e3o \u00e0 famosa pris\u00e3o de Alcatraz, na Calif\u00f3rnia \u2014 foi acompanhada de uma campanha de comunica\u00e7\u00e3o agressiva. A Casa Branca publicou imagens de jacar\u00e9s com chap\u00e9us do ICE nas redes sociais, e o partido republicano j\u00e1 comercializa camisetas e adesivos com o animal como s\u00edmbolo da pol\u00edtica migrat\u00f3ria.<\/p>\n<p><img src=\"https:\/\/europeanconservative.com\/wp-content\/uploads\/2025\/07\/Alligator-Alcatraz-@catturd2-on-X-28-June-e1751394834239.jpeg\" alt=\"Alligator Alcatraz\u201d Detention Center Opens in Florida Everglades \u2501 The  European Conservative\" \/><\/p>\n<p>Enquanto o governo celebra a nova estrutura como um marco na execu\u00e7\u00e3o da lei, organiza\u00e7\u00f5es como a Anistia Internacional e o ACLU (Uni\u00e3o Americana pelas Liberdades Civis) pedem uma investiga\u00e7\u00e3o imediata sobre as condi\u00e7\u00f5es de deten\u00e7\u00e3o e os direitos dos imigrantes presos. \u201cIsolar pessoas em um p\u00e2ntano cercado por r\u00e9pteis n\u00e3o \u00e9 seguran\u00e7a. \u00c9 crueldade calculada\u201d, afirmou em nota a diretora da Anistia nos EUA.<\/p>\n<p>O Brazilian Press continua acompanhando o caso e buscar\u00e1 contato com o DHS e o ICE para obter mais detalhes sobre os crit\u00e9rios de sele\u00e7\u00e3o dos deportados e os destinos dos voos j\u00e1 realizados.<\/p>\n","protected":false},"excerpt":{"rendered":"<p>O governo dos Estados Unidos deu in\u00edcio a uma opera\u00e7\u00e3o de deporta\u00e7\u00e3o em massa a partir da nova instala\u00e7\u00e3o de deten\u00e7\u00e3o conhecida como \u201cAlcatraz dos Jacar\u00e9s\u201d, localizada em um antigo aeroporto militar isolado no sul da Fl\u00f3rida, confirmou nesta sexta-feira (25) o governador do estado, Ron DeSantis. As primeiras remo\u00e7\u00f5es de imigrantes ocorreram poucos dias ap\u00f3s a chegada dos primeiros detentos ao centro, que foi inaugurado oficialmente no in\u00edcio do m\u00eas com a presen\u00e7a do presidente Donald Trump. Segundo apurado pelo Brazilian Press, os voos s\u00e3o coordenados pelo Departamento de Seguran\u00e7a Interna (DHS) e utilizam a longa pista de pouso [&hellip;]<\/p>\n","protected":false},"author":1,"featured_media":61038,"comment_status":"open","ping_status":"closed","sticky":false,"template":"","format":"standard","meta":{"_links_to":"","_links_to_target":""},"categories":[3,1,10],"tags":[],"views":1117,"_links":{"self":[{"href":"https:\/\/www.brazilianpress.com\/v1\/wp-json\/wp\/v2\/posts\/61037"}],"collection":[{"href":"https:\/\/www.brazilianpress.com\/v1\/wp-json\/wp\/v2\/posts"}],"about":[{"href":"https:\/\/www.brazilianpress.com\/v1\/wp-json\/wp\/v2\/types\/post"}],"author":[{"embeddable":true,"href":"https:\/\/www.brazilianpress.com\/v1\/wp-json\/wp\/v2\/users\/1"}],"replies":[{"embeddable":true,"href":"https:\/\/www.brazilianpress.com\/v1\/wp-json\/wp\/v2\/comments?post=61037"}],"version-history":[{"count":1,"href":"https:\/\/www.brazilianpress.com\/v1\/wp-json\/wp\/v2\/posts\/61037\/revisions"}],"predecessor-version":[{"id":61039,"href":"https:\/\/www.brazilianpress.com\/v1\/wp-json\/wp\/v2\/posts\/61037\/revisions\/61039"}],"wp:featuredmedia":[{"embeddable":true,"href":"https:\/\/www.brazilianpress.com\/v1\/wp-json\/wp\/v2\/media\/61038"}],"wp:attachment":[{"href":"https:\/\/www.brazilianpress.com\/v1\/wp-json\/wp\/v2\/media?parent=61037"}],"wp:term":[{"taxonomy":"category","embeddable":true,"href":"https:\/\/www.brazilianpress.com\/v1\/wp-json\/wp\/v2\/categories?post=61037"},{"taxonomy":"post_tag","embeddable":true,"href":"https:\/\/www.brazilianpress.com\/v1\/wp-json\/wp\/v2\/tags?post=61037"}],"curies":[{"name":"wp","href":"https:\/\/api.w.org\/{rel}","templated":true}]}}