{"id":61040,"date":"2025-07-25T18:55:13","date_gmt":"2025-07-25T22:55:13","guid":{"rendered":"https:\/\/www.brazilianpress.com\/v1\/?p=61040"},"modified":"2025-07-25T18:55:13","modified_gmt":"2025-07-25T22:55:13","slug":"atualizacao-subiu-para-15-o-numero-de-trabalhadores-detidos-pela-ice-durante-batida-em-empresa-de-nj","status":"publish","type":"post","link":"https:\/\/www.brazilianpress.com\/v1\/2025\/07\/25\/atualizacao-subiu-para-15-o-numero-de-trabalhadores-detidos-pela-ice-durante-batida-em-empresa-de-nj\/","title":{"rendered":"Atualiza\u00e7\u00e3o: Subiu para 15 o n\u00famero de trabalhadores detidos pela ICE durante batida em empresa de NJ"},"content":{"rendered":"<p><strong>Mais detalhes surgiram sobre a opera\u00e7\u00e3o da Alf\u00e2ndega e Prote\u00e7\u00e3o de Fronteiras dos EUA que <a href=\"https:\/\/www.brazilianpress.com\/v1\/2025\/07\/24\/urgente-operacao-da-ice-em-princeton-nj-prendeu-5-imigrantes-ilegais-na-manha-desta-quinta-feira\/\"><span style=\"color: #ff0000;\">ocorreu em Princeton<\/span><\/a> na quinta-feira. De acordo com depoimentos de testemunhas, as 15 pessoas detidas pelo ICE estavam indo trabalhar em uma empresa de paisagismo local quando foram presas.<\/strong><\/p>\n<p>Na noite de quinta-feira, o grupo de defesa da imigra\u00e7\u00e3o Resistencia en Accion NJ realizou uma coletiva de imprensa onde familiares dos detidos falaram sobre o incidente. Um homem cujo irm\u00e3o foi detido disse que morava na \u00e1rea h\u00e1 mais de um ano. Ele disse que a fam\u00edlia estava tentando descobrir para onde seu irm\u00e3o foi levado ap\u00f3s a deten\u00e7\u00e3o.<\/p>\n<p><img src=\"https:\/\/patch.com\/img\/cdn20\/users\/24423246\/20250725\/113032\/styles\/patch_image\/public\/ice-raid___25113025433.png\" alt=\"(LR) Andr\u00e9 (Movimiento Cosecha); Paulo (Resist\u00eancia em A\u00e7\u00e3o NJ); Lucia (Resistencia en Accion NJ) e Ana Paola (Resistencia en Accion NJ) durante coletiva de imprensa.\n\" \/><strong><em><span dir=\"auto\">Andr\u00e9 (Movimiento Cosecha); Paulo (Resist\u00eancia em A\u00e7\u00e3o NJ); Lucia (Resistencia en Accion NJ) e Ana Paola (Resistencia en Accion NJ) durante coletiva de imprensa.\u00a0<\/span><span dir=\"auto\">(Cortesia de Resist\u00eancia em A\u00e7\u00e3o NJ)<\/span><\/em><\/strong><\/p>\n<p>Outro morador de Princeton, cujo tio foi detido, disse que agentes do ICE prenderam os homens e deixaram todos os seus pertences e a van na beira da estrada. At\u00e9 a noite de quinta-feira, muitas fam\u00edlias trabalhavam para descobrir o paradeiro dos homens detidos.<\/p>\n<p>De acordo com depoimentos, muitos detentos trabalhavam em dois empregos \u2014 na empresa de paisagismo e em bares locais \u2014 para construir uma vida melhor para suas fam\u00edlias.\u00a0Na quinta-feira, agentes do ICE realizaram uma opera\u00e7\u00e3o por volta das 6h45 na Rua Harrison, segundo autoridades. O diretor do Escrit\u00f3rio de Campo do ICE confirmou \u00e0s autoridades de Princeton que 15 pessoas sem documentos foram detidas.<\/p>\n<p><img loading=\"lazy\" class=\"alignnone size-full wp-image-61032\" src=\"https:\/\/www.brazilianpress.com\/v1\/wp-content\/uploads\/2025\/07\/ice-eua-princeton-nj-batida-imigrantes-presos.jpg\" alt=\"\" width=\"700\" height=\"409\" srcset=\"https:\/\/www.brazilianpress.com\/v1\/wp-content\/uploads\/2025\/07\/ice-eua-princeton-nj-batida-imigrantes-presos.jpg 700w, https:\/\/www.brazilianpress.com\/v1\/wp-content\/uploads\/2025\/07\/ice-eua-princeton-nj-batida-imigrantes-presos-300x175.jpg 300w\" sizes=\"(max-width: 700px) 100vw, 700px\" \/><\/p>\n<p>Autoridades municipais e o Departamento de Pol\u00edcia afirmaram n\u00e3o ter informa\u00e7\u00f5es pr\u00e9vias sobre a presen\u00e7a ou a\u00e7\u00f5es deles. O departamento de pol\u00edcia local tamb\u00e9m n\u00e3o participou da fiscaliza\u00e7\u00e3o federal de imigra\u00e7\u00e3o, disseram as autoridades.\u00a0Embora a Alf\u00e2ndega e Prote\u00e7\u00e3o de Fronteiras dos EUA n\u00e3o seja obrigada a notificar as autoridades locais, \u00e0s vezes eles o fazem por cortesia.<\/p>\n<p>Na opera\u00e7\u00e3o do ICE que ocorreu em Edison no in\u00edcio deste m\u00eas , autoridades municipais confirmaram que o ICE &#8220;notificou que o Servi\u00e7o de Imigra\u00e7\u00e3o estaria na \u00e1rea&#8221;.\u00a0Ana Paola, da Resistencia en Accion NJ, disse que as fam\u00edlias de muitos detentos de Princeton n\u00e3o tinham recursos para obter servi\u00e7os jur\u00eddicos ou descobrir para onde seu familiar foi levado. Em uma declara\u00e7\u00e3o, o senador Andrew Zwicker condenou a opera\u00e7\u00e3o do ICE, dizendo que ela desencadeou medo e caos nas comunidades.<\/p>\n<p>&#8220;Quero deixar claro: os imigrantes s\u00e3o uma parte essencial e insubstitu\u00edvel de Princeton e de toda Nova Jersey. Ningu\u00e9m deveria ter que viver com medo de agentes federais mascarados os sequestrarem em suas casas, locais de trabalho ou ruas do bairro&#8221;, disse Zwicker.\u00a0&#8220;Essas opera\u00e7\u00f5es s\u00e3o um abuso grotesco de poder e totalmente antiamericano.&#8221;<\/p>\n","protected":false},"excerpt":{"rendered":"<p>Mais detalhes surgiram sobre a opera\u00e7\u00e3o da Alf\u00e2ndega e Prote\u00e7\u00e3o de Fronteiras dos EUA que ocorreu em Princeton na quinta-feira. De acordo com depoimentos de testemunhas, as 15 pessoas detidas pelo ICE estavam indo trabalhar em uma empresa de paisagismo local quando foram presas. Na noite de quinta-feira, o grupo de defesa da imigra\u00e7\u00e3o Resistencia en Accion NJ realizou uma coletiva de imprensa onde familiares dos detidos falaram sobre o incidente. Um homem cujo irm\u00e3o foi detido disse que morava na \u00e1rea h\u00e1 mais de um ano. Ele disse que a fam\u00edlia estava tentando descobrir para onde seu irm\u00e3o foi [&hellip;]<\/p>\n","protected":false},"author":1,"featured_media":61041,"comment_status":"open","ping_status":"closed","sticky":false,"template":"","format":"standard","meta":{"_links_to":"","_links_to_target":""},"categories":[4,3,1],"tags":[],"views":2100,"_links":{"self":[{"href":"https:\/\/www.brazilianpress.com\/v1\/wp-json\/wp\/v2\/posts\/61040"}],"collection":[{"href":"https:\/\/www.brazilianpress.com\/v1\/wp-json\/wp\/v2\/posts"}],"about":[{"href":"https:\/\/www.brazilianpress.com\/v1\/wp-json\/wp\/v2\/types\/post"}],"author":[{"embeddable":true,"href":"https:\/\/www.brazilianpress.com\/v1\/wp-json\/wp\/v2\/users\/1"}],"replies":[{"embeddable":true,"href":"https:\/\/www.brazilianpress.com\/v1\/wp-json\/wp\/v2\/comments?post=61040"}],"version-history":[{"count":1,"href":"https:\/\/www.brazilianpress.com\/v1\/wp-json\/wp\/v2\/posts\/61040\/revisions"}],"predecessor-version":[{"id":61042,"href":"https:\/\/www.brazilianpress.com\/v1\/wp-json\/wp\/v2\/posts\/61040\/revisions\/61042"}],"wp:featuredmedia":[{"embeddable":true,"href":"https:\/\/www.brazilianpress.com\/v1\/wp-json\/wp\/v2\/media\/61041"}],"wp:attachment":[{"href":"https:\/\/www.brazilianpress.com\/v1\/wp-json\/wp\/v2\/media?parent=61040"}],"wp:term":[{"taxonomy":"category","embeddable":true,"href":"https:\/\/www.brazilianpress.com\/v1\/wp-json\/wp\/v2\/categories?post=61040"},{"taxonomy":"post_tag","embeddable":true,"href":"https:\/\/www.brazilianpress.com\/v1\/wp-json\/wp\/v2\/tags?post=61040"}],"curies":[{"name":"wp","href":"https:\/\/api.w.org\/{rel}","templated":true}]}}