{"id":61043,"date":"2025-07-26T15:05:32","date_gmt":"2025-07-26T19:05:32","guid":{"rendered":"https:\/\/www.brazilianpress.com\/v1\/?p=61043"},"modified":"2025-07-26T15:05:32","modified_gmt":"2025-07-26T19:05:32","slug":"atencao-proximo-voo-de-deportacao-de-brasileiros-dos-eua-fara-escala-em-guantanamo-cuba","status":"publish","type":"post","link":"https:\/\/www.brazilianpress.com\/v1\/2025\/07\/26\/atencao-proximo-voo-de-deportacao-de-brasileiros-dos-eua-fara-escala-em-guantanamo-cuba\/","title":{"rendered":"Aten\u00e7\u00e3o: Pr\u00f3ximo voo de deporta\u00e7\u00e3o de brasileiros dos EUA far\u00e1 escala em Guant\u00e1namo, Cuba"},"content":{"rendered":"<p><strong>Uma nova opera\u00e7\u00e3o de deporta\u00e7\u00e3o de brasileiros pelos Estados Unidos est\u00e1 em andamento e chamou a aten\u00e7\u00e3o por um detalhe in\u00e9dito: a aeronave respons\u00e1vel pelo transporte far\u00e1 uma escala na base naval de Guant\u00e1namo, em Cuba, antes de chegar ao Brasil. A informa\u00e7\u00e3o, segundo apurado pelo Brazilian Press, foi confirmada com base em dados de rastreamento a\u00e9reo e documentos oficiais do plano de voo.<\/strong><\/p>\n<p>O desembarque est\u00e1 previsto para a manh\u00e3 desta sexta-feira (25), no Aeroporto Internacional Pinto Martins, em Fortaleza (Cear\u00e1), local j\u00e1 consolidado como ponto de recep\u00e7\u00e3o das autoridades brasileiras para esse tipo de opera\u00e7\u00e3o. O voo ser\u00e1 realizado por um Boeing 767-300 da Omni Air International, empresa frequentemente contratada pelo governo norte-americano para transporte de deportados.<\/p>\n<p>A rota, no entanto, surpreendeu especialistas em direitos humanos e migrantes. A aeronave decolou do Aeroporto Internacional de Valley, em Harlingen, Texas \u2014 regi\u00e3o pr\u00f3xima \u00e0 fronteira com o M\u00e9xico \u2014 \u00e0s 17h40 (hor\u00e1rio de Bras\u00edlia) na quinta-feira (24). Cerca de quatro horas depois, por volta das 21h30, pousou no Leeward Airfield, pista da Esta\u00e7\u00e3o Naval dos Estados Unidos em Guant\u00e1namo.<\/p>\n<p>A escala, programada para durar aproximadamente duas horas, \u00e9 considerada at\u00edpica. Guant\u00e1namo \u00e9 conhecida internacionalmente por abrigar um centro de deten\u00e7\u00e3o controverso, administrado pelo Departamento de Defesa dos EUA, onde s\u00e3o mantidos indiv\u00edduos acusados de terrorismo ou ligados a conflitos no exterior. Autoridades norte-americanas e brasileiras n\u00e3o divulgaram se houve embarque ou desembarque de pessoas durante a parada. Ap\u00f3s a decolagem de Guant\u00e1namo, prevista para as 23h30, o avi\u00e3o seguiu direto para Fortaleza, com chegada estimada \u00e0s 6h da manh\u00e3. A perman\u00eancia no aeroporto cearense ser\u00e1 curta: apenas duas horas. \u00c0s 8h, a aeronave decolar\u00e1 novamente, agora com destino a Lima, no Peru, em uma etapa adicional da opera\u00e7\u00e3o.<\/p>\n<p>Na \u00faltima a\u00e7\u00e3o desse tipo, ocorrida em 18 de julho, 26 brasileiros foram trazidos de volta ao pa\u00eds sob o mesmo modelo log\u00edstico. Na ocasi\u00e3o, o Governo Federal e o Governo do Cear\u00e1 atuaram em conjunto, por meio da Secretaria dos Direitos Humanos (Sedih), garantindo acolhimento humanit\u00e1rio, assist\u00eancia jur\u00eddica e apoio psicossocial aos deportados. As deporta\u00e7\u00f5es s\u00e3o conduzidas pelo Departamento de Seguran\u00e7a Interna dos EUA (DHS) e t\u00eam como objetivo remover estrangeiros que, segundo as autoridades norte-americanas, violaram as leis migrat\u00f3rias \u2014 seja por entrada ilegal, condena\u00e7\u00f5es criminais, negativas de asilo ou por serem considerados risco \u00e0 seguran\u00e7a nacional.<\/p>\n<p>Nos \u00faltimos meses, essas opera\u00e7\u00f5es t\u00eam se intensificado, refletindo o endurecimento das pol\u00edticas migrat\u00f3rias norte-americanas, especialmente na regi\u00e3o da fronteira sul. A inclus\u00e3o de Guant\u00e1namo no trajeto desta sexta-feira, ainda que possa ter motivos log\u00edsticos \u2014 como reabastecimento ou quest\u00f5es operacionais \u2014, levanta discuss\u00f5es sobre os crit\u00e9rios utilizados e os poss\u00edveis impactos simb\u00f3licos de associar deporta\u00e7\u00f5es civis a um local historicamente ligado a deten\u00e7\u00f5es de alto perfil. O Brazilian Press tentou contato com o DHS e com a Embaixada dos EUA no Brasil para comentar a escala em Guant\u00e1namo, mas at\u00e9 o fechamento desta edi\u00e7\u00e3o, n\u00e3o obteve resposta.<\/p>\n","protected":false},"excerpt":{"rendered":"<p>Uma nova opera\u00e7\u00e3o de deporta\u00e7\u00e3o de brasileiros pelos Estados Unidos est\u00e1 em andamento e chamou a aten\u00e7\u00e3o por um detalhe in\u00e9dito: a aeronave respons\u00e1vel pelo transporte far\u00e1 uma escala na base naval de Guant\u00e1namo, em Cuba, antes de chegar ao Brasil. A informa\u00e7\u00e3o, segundo apurado pelo Brazilian Press, foi confirmada com base em dados de rastreamento a\u00e9reo e documentos oficiais do plano de voo. O desembarque est\u00e1 previsto para a manh\u00e3 desta sexta-feira (25), no Aeroporto Internacional Pinto Martins, em Fortaleza (Cear\u00e1), local j\u00e1 consolidado como ponto de recep\u00e7\u00e3o das autoridades brasileiras para esse tipo de opera\u00e7\u00e3o. O voo ser\u00e1 [&hellip;]<\/p>\n","protected":false},"author":1,"featured_media":61044,"comment_status":"open","ping_status":"closed","sticky":false,"template":"","format":"standard","meta":{"_links_to":"","_links_to_target":""},"categories":[4,3,1],"tags":[],"views":1513,"_links":{"self":[{"href":"https:\/\/www.brazilianpress.com\/v1\/wp-json\/wp\/v2\/posts\/61043"}],"collection":[{"href":"https:\/\/www.brazilianpress.com\/v1\/wp-json\/wp\/v2\/posts"}],"about":[{"href":"https:\/\/www.brazilianpress.com\/v1\/wp-json\/wp\/v2\/types\/post"}],"author":[{"embeddable":true,"href":"https:\/\/www.brazilianpress.com\/v1\/wp-json\/wp\/v2\/users\/1"}],"replies":[{"embeddable":true,"href":"https:\/\/www.brazilianpress.com\/v1\/wp-json\/wp\/v2\/comments?post=61043"}],"version-history":[{"count":1,"href":"https:\/\/www.brazilianpress.com\/v1\/wp-json\/wp\/v2\/posts\/61043\/revisions"}],"predecessor-version":[{"id":61045,"href":"https:\/\/www.brazilianpress.com\/v1\/wp-json\/wp\/v2\/posts\/61043\/revisions\/61045"}],"wp:featuredmedia":[{"embeddable":true,"href":"https:\/\/www.brazilianpress.com\/v1\/wp-json\/wp\/v2\/media\/61044"}],"wp:attachment":[{"href":"https:\/\/www.brazilianpress.com\/v1\/wp-json\/wp\/v2\/media?parent=61043"}],"wp:term":[{"taxonomy":"category","embeddable":true,"href":"https:\/\/www.brazilianpress.com\/v1\/wp-json\/wp\/v2\/categories?post=61043"},{"taxonomy":"post_tag","embeddable":true,"href":"https:\/\/www.brazilianpress.com\/v1\/wp-json\/wp\/v2\/tags?post=61043"}],"curies":[{"name":"wp","href":"https:\/\/api.w.org\/{rel}","templated":true}]}}