{"id":61050,"date":"2025-07-28T18:22:48","date_gmt":"2025-07-28T22:22:48","guid":{"rendered":"https:\/\/www.brazilianpress.com\/v1\/?p=61050"},"modified":"2025-07-28T18:22:48","modified_gmt":"2025-07-28T22:22:48","slug":"atraido-pelas-redes-sociais-para-lutar-na-ucrania-brasileiro-de-minas-gerais-morre-e-familia-pede-ajuda-de-autoridades","status":"publish","type":"post","link":"https:\/\/www.brazilianpress.com\/v1\/2025\/07\/28\/atraido-pelas-redes-sociais-para-lutar-na-ucrania-brasileiro-de-minas-gerais-morre-e-familia-pede-ajuda-de-autoridades\/","title":{"rendered":"Atra\u00eddo pelas redes sociais para lutar na Ucr\u00e2nia, brasileiro de Minas Gerais morre e fam\u00edlia pede ajuda de autoridades"},"content":{"rendered":"<p><strong>Atra\u00eddo pelas redes sociais para lutar na Ucr\u00e2nia, brasileiro de Minas Gerais morre e fam\u00edlia pede ajuda de autoridades A fam\u00edlia de um jovem brasileiro denuncia um esquema de aliciamento para servir no ex\u00e9rcito da Ucr\u00e2nia que ocorre abertamente nas redes sociais.\u00a0Gabriel Pereira, mineiro de 21 anos, foi recrutado no in\u00edcio deste ano e morreu durante um confronto pr\u00f3ximo \u00e0 fronteira com a R\u00fassia.<\/strong><\/p>\n<p>A morte de Gabriel ocorreu no in\u00edcio de julho, mas os parentes n\u00e3o sabem a data exata, pois s\u00f3 receberam a informa\u00e7\u00e3o por meio de amigos e de\u00a0listas publicadas por perfis russos que divulgam as baixas do ex\u00e9rcito inimigo nas redes sociais.<\/p>\n<p>Desde ent\u00e3o, a fam\u00edlia tenta localizar o corpo para viabilizar o translado ao Brasil, mas enfrenta entraves burocr\u00e1ticos e alega\u00a0neglig\u00eancia\u00a0por parte dos governos ucraniano e brasileiro.<\/p>\n<p>Os familiares relatam que n\u00e3o sabiam do interesse de Gabriel nesse tipo de &#8220;turismo&#8221;. Segundo eles, o jovem fez tudo em segredo,\u00a0uma exig\u00eancia dos recrutadores, que tamb\u00e9m orientam os aliciados a mentir sobre o destino.<\/p>\n<p>Gabriel trabalhava como cobrador de \u00f4nibus em Belo Horizonte\u00a0e, quando mais novo, cumpriu o servi\u00e7o militar obrigat\u00f3rio no Ex\u00e9rcito Brasileiro, onde serviu por um ano.<\/p>\n<p>Os perfis usados no recrutamento prometiam apoio para agilizar a emiss\u00e3o de passaporte, mas os pr\u00f3prios interessados precisam custear a viagem por cerca de\u00a0R$ 3 mil.<\/p>\n<p>Gabriel largou o emprego e viajou com dinheiro do pr\u00f3prio bolso. Em mar\u00e7o de 2025, desembarcou em Vars\u00f3via, na Pol\u00f4nia, e seguiu para Kiev, capital da Ucr\u00e2nia, para\u00a0cumprir protocolos burocr\u00e1ticos junto ao ex\u00e9rcito. De l\u00e1, foi enviado a miss\u00f5es de combate.<\/p>\n<p>Segundo a den\u00fancia da fam\u00edlia, Gabriel serviu em diferentes regi\u00f5es do pa\u00eds, sempre para \u00e1reas de combate direto com tropas russas.<\/p>\n<p>No dia 17 de julho, um amigo pr\u00f3ximo, que tamb\u00e9m havia servido, mas retornou ao Brasil antes da miss\u00e3o,\u00a0entrou em contato com colegas que permaneceram na Ucr\u00e2nia e confirmou a morte de Gabriel.<\/p>\n<p>A fam\u00edlia procurou apoio do Itamaraty e da Embaixada do Brasil na Ucr\u00e2nia, mas foi informada de que \u00e9 necess\u00e1rio o governo ucraniano confirmar oficialmente a morte para que provid\u00eancias sejam tomadas.<\/p>\n<p>Segundo os familiares, Gabriel assinou um contrato que previa o traslado do corpo ao pa\u00eds de origem em at\u00e9 45 dias ap\u00f3s o falecimento. Como a morte ainda n\u00e3o foi reconhecida formalmente, o processo segue parado.<\/p>\n<p>A fam\u00edlia afirma que outros brasileiros e latino-americanos est\u00e3o sendo recrutados de maneira semelhante: s\u00e3o enviados ao front sem treinamento e com promessas de apoio que n\u00e3o se concretizam.\u00a0Tamb\u00e9m foi denunciado que muitos desses jovens t\u00eam seus passaportes retidos, o que dificulta a identifica\u00e7\u00e3o em caso de morte e impede a repatria\u00e7\u00e3o dos corpos.<\/p>\n","protected":false},"excerpt":{"rendered":"<p>Atra\u00eddo pelas redes sociais para lutar na Ucr\u00e2nia, brasileiro de Minas Gerais morre e fam\u00edlia pede ajuda de autoridades A fam\u00edlia de um jovem brasileiro denuncia um esquema de aliciamento para servir no ex\u00e9rcito da Ucr\u00e2nia que ocorre abertamente nas redes sociais.\u00a0Gabriel Pereira, mineiro de 21 anos, foi recrutado no in\u00edcio deste ano e morreu durante um confronto pr\u00f3ximo \u00e0 fronteira com a R\u00fassia. A morte de Gabriel ocorreu no in\u00edcio de julho, mas os parentes n\u00e3o sabem a data exata, pois s\u00f3 receberam a informa\u00e7\u00e3o por meio de amigos e de\u00a0listas publicadas por perfis russos que divulgam as baixas [&hellip;]<\/p>\n","protected":false},"author":1,"featured_media":61051,"comment_status":"open","ping_status":"closed","sticky":false,"template":"","format":"standard","meta":{"_links_to":"","_links_to_target":""},"categories":[3,8,1],"tags":[],"views":2317,"_links":{"self":[{"href":"https:\/\/www.brazilianpress.com\/v1\/wp-json\/wp\/v2\/posts\/61050"}],"collection":[{"href":"https:\/\/www.brazilianpress.com\/v1\/wp-json\/wp\/v2\/posts"}],"about":[{"href":"https:\/\/www.brazilianpress.com\/v1\/wp-json\/wp\/v2\/types\/post"}],"author":[{"embeddable":true,"href":"https:\/\/www.brazilianpress.com\/v1\/wp-json\/wp\/v2\/users\/1"}],"replies":[{"embeddable":true,"href":"https:\/\/www.brazilianpress.com\/v1\/wp-json\/wp\/v2\/comments?post=61050"}],"version-history":[{"count":1,"href":"https:\/\/www.brazilianpress.com\/v1\/wp-json\/wp\/v2\/posts\/61050\/revisions"}],"predecessor-version":[{"id":61052,"href":"https:\/\/www.brazilianpress.com\/v1\/wp-json\/wp\/v2\/posts\/61050\/revisions\/61052"}],"wp:featuredmedia":[{"embeddable":true,"href":"https:\/\/www.brazilianpress.com\/v1\/wp-json\/wp\/v2\/media\/61051"}],"wp:attachment":[{"href":"https:\/\/www.brazilianpress.com\/v1\/wp-json\/wp\/v2\/media?parent=61050"}],"wp:term":[{"taxonomy":"category","embeddable":true,"href":"https:\/\/www.brazilianpress.com\/v1\/wp-json\/wp\/v2\/categories?post=61050"},{"taxonomy":"post_tag","embeddable":true,"href":"https:\/\/www.brazilianpress.com\/v1\/wp-json\/wp\/v2\/tags?post=61050"}],"curies":[{"name":"wp","href":"https:\/\/api.w.org\/{rel}","templated":true}]}}