{"id":61066,"date":"2025-07-31T19:26:37","date_gmt":"2025-07-31T23:26:37","guid":{"rendered":"https:\/\/www.brazilianpress.com\/v1\/?p=61066"},"modified":"2025-07-31T19:26:37","modified_gmt":"2025-07-31T23:26:37","slug":"apos-4-voos-de-deportacao-apenas-em-julho-mais-um-boeing-767-da-omni-deve-vir-dos-eua-ao-brasil-nessa-semana","status":"publish","type":"post","link":"https:\/\/www.brazilianpress.com\/v1\/2025\/07\/31\/apos-4-voos-de-deportacao-apenas-em-julho-mais-um-boeing-767-da-omni-deve-vir-dos-eua-ao-brasil-nessa-semana\/","title":{"rendered":"Ap\u00f3s 4 voos de deporta\u00e7\u00e3o apenas em julho, mais um Boeing 767 da Omni deve vir dos EUA ao Brasil nessa semana"},"content":{"rendered":"<p><strong>Uma nova opera\u00e7\u00e3o de deporta\u00e7\u00e3o de brasileiros pelos Estados Unidos est\u00e1 marcada para esta sexta e s\u00e1bado, 1\u00ba e 2 de agosto, com um detalhe in\u00e9dito: o voo que trar\u00e1 os deportados far\u00e1 uma escala t\u00e9cnica em Lima, no Peru, antes de seguir para o Brasil. Segundo apurado pelo Brazilian Press, a aeronave envolvida ser\u00e1 novamente um Boeing 767-300 da companhia norte-americana Omni Air International, contratada pelo governo dos EUA para transporte de repatriados.<\/strong><\/p>\n<p>O voo OAE-3541 tem previs\u00e3o de decolagem de Lima \u00e0s 20h de sexta-feira (hor\u00e1rio de Bras\u00edlia), com chegada prevista ao Aeroporto Internacional Pinto Martins, em Fortaleza (CE), \u00e0s 00h45 do s\u00e1bado, 2 de agosto. Ap\u00f3s breve parada de apenas duas horas, a aeronave dever\u00e1 decolar novamente \u00e0s 2h45 rumo ao Aeroporto Internacional de Valley, em Harlingen, Texas \u2014 regi\u00e3o pr\u00f3xima \u00e0 fronteira com o M\u00e9xico.<\/p>\n<p>Esta ser\u00e1 a 14\u00aa opera\u00e7\u00e3o do tipo a pousar em Fortaleza desde que os voos de retorno de brasileiros deportados foram redirecionados da cidade de Confins (MG) para a capital cearense. A mudan\u00e7a foi motivada pela estrutura do Posto Avan\u00e7ado de Atendimento Humanizado ao Migrante (PAAHM), instalado no aeroporto de Fortaleza, que permite um acolhimento mais \u00e1gil e digno aos deportados.<\/p>\n<p>Nas duas \u00faltimas opera\u00e7\u00f5es, realizadas nas sextas-feiras dos dias 18 e 25 de julho, o mesmo modelo de avi\u00e3o trouxe ao Cear\u00e1 um total de 74 brasileiros \u2014 26 na primeira data e 48 na segunda. A a\u00e7\u00e3o \u00e9 coordenada pelo Governo Federal, com apoio direto da Secretaria dos Direitos Humanos do Cear\u00e1 (Sedih), que atua na recep\u00e7\u00e3o, assist\u00eancia m\u00e9dica, alimenta\u00e7\u00e3o e orienta\u00e7\u00e3o jur\u00eddica aos repatriados.<\/p>\n<p>A inclus\u00e3o da escala em Lima chama aten\u00e7\u00e3o de especialistas em pol\u00edticas migrat\u00f3rias. Embora n\u00e3o tenha sido confirmado oficialmente, analistas acreditam que a rota pode estar relacionada \u00e0 log\u00edstica de transporte de deportados de outras nacionalidades ou a quest\u00f5es operacionais da Omni Air International, que realiza voos semanais de repatria\u00e7\u00e3o para diversos pa\u00edses da Am\u00e9rica Latina.<\/p>\n<p>De acordo com o Departamento de Seguran\u00e7a Interna dos Estados Unidos (DHS), os voos de deporta\u00e7\u00e3o t\u00eam como objetivo principal repatriar cidad\u00e3os estrangeiros que violaram as leis de imigra\u00e7\u00e3o americanas. Entre os deportados est\u00e3o pessoas que entraram ilegalmente no pa\u00eds, que tiveram pedidos de visto negados, que cometeram crimes ou que foram classificadas como risco \u00e0 seguran\u00e7a nacional. Apesar do car\u00e1ter administrativo da opera\u00e7\u00e3o, organiza\u00e7\u00f5es de direitos humanos refor\u00e7am a import\u00e2ncia do atendimento humanizado aos deportados, muitos dos quais retornam ao Brasil em situa\u00e7\u00e3o de vulnerabilidade social e emocional. O PAAHM em Fortaleza tem sido apontado como um modelo de boas pr\u00e1ticas nesse processo. A previs\u00e3o \u00e9 de que o n\u00famero de voos de deporta\u00e7\u00e3o mantenha o ritmo intenso nas pr\u00f3ximas semanas, refletindo o aumento das opera\u00e7\u00f5es de fiscaliza\u00e7\u00e3o migrat\u00f3ria nos EUA.<\/p>\n","protected":false},"excerpt":{"rendered":"<p>Uma nova opera\u00e7\u00e3o de deporta\u00e7\u00e3o de brasileiros pelos Estados Unidos est\u00e1 marcada para esta sexta e s\u00e1bado, 1\u00ba e 2 de agosto, com um detalhe in\u00e9dito: o voo que trar\u00e1 os deportados far\u00e1 uma escala t\u00e9cnica em Lima, no Peru, antes de seguir para o Brasil. Segundo apurado pelo Brazilian Press, a aeronave envolvida ser\u00e1 novamente um Boeing 767-300 da companhia norte-americana Omni Air International, contratada pelo governo dos EUA para transporte de repatriados. O voo OAE-3541 tem previs\u00e3o de decolagem de Lima \u00e0s 20h de sexta-feira (hor\u00e1rio de Bras\u00edlia), com chegada prevista ao Aeroporto Internacional Pinto Martins, em Fortaleza [&hellip;]<\/p>\n","protected":false},"author":1,"featured_media":61067,"comment_status":"open","ping_status":"closed","sticky":false,"template":"","format":"standard","meta":{"_links_to":"","_links_to_target":""},"categories":[4,3,1],"tags":[],"views":1501,"_links":{"self":[{"href":"https:\/\/www.brazilianpress.com\/v1\/wp-json\/wp\/v2\/posts\/61066"}],"collection":[{"href":"https:\/\/www.brazilianpress.com\/v1\/wp-json\/wp\/v2\/posts"}],"about":[{"href":"https:\/\/www.brazilianpress.com\/v1\/wp-json\/wp\/v2\/types\/post"}],"author":[{"embeddable":true,"href":"https:\/\/www.brazilianpress.com\/v1\/wp-json\/wp\/v2\/users\/1"}],"replies":[{"embeddable":true,"href":"https:\/\/www.brazilianpress.com\/v1\/wp-json\/wp\/v2\/comments?post=61066"}],"version-history":[{"count":1,"href":"https:\/\/www.brazilianpress.com\/v1\/wp-json\/wp\/v2\/posts\/61066\/revisions"}],"predecessor-version":[{"id":61068,"href":"https:\/\/www.brazilianpress.com\/v1\/wp-json\/wp\/v2\/posts\/61066\/revisions\/61068"}],"wp:featuredmedia":[{"embeddable":true,"href":"https:\/\/www.brazilianpress.com\/v1\/wp-json\/wp\/v2\/media\/61067"}],"wp:attachment":[{"href":"https:\/\/www.brazilianpress.com\/v1\/wp-json\/wp\/v2\/media?parent=61066"}],"wp:term":[{"taxonomy":"category","embeddable":true,"href":"https:\/\/www.brazilianpress.com\/v1\/wp-json\/wp\/v2\/categories?post=61066"},{"taxonomy":"post_tag","embeddable":true,"href":"https:\/\/www.brazilianpress.com\/v1\/wp-json\/wp\/v2\/tags?post=61066"}],"curies":[{"name":"wp","href":"https:\/\/api.w.org\/{rel}","templated":true}]}}