{"id":61076,"date":"2025-08-01T16:48:22","date_gmt":"2025-08-01T20:48:22","guid":{"rendered":"https:\/\/www.brazilianpress.com\/v1\/?p=61076"},"modified":"2025-08-01T16:48:22","modified_gmt":"2025-08-01T20:48:22","slug":"ice-detem-morador-de-nova-jersey-durante-operacao-contra-pornografia-infantil-mas-familia-diz-que-ele-nao-estava-envolvido","status":"publish","type":"post","link":"https:\/\/www.brazilianpress.com\/v1\/2025\/08\/01\/ice-detem-morador-de-nova-jersey-durante-operacao-contra-pornografia-infantil-mas-familia-diz-que-ele-nao-estava-envolvido\/","title":{"rendered":"ICE det\u00e9m morador de Nova Jersey durante opera\u00e7\u00e3o contra pornografia infantil, mas fam\u00edlia diz que ele n\u00e3o estava envolvido"},"content":{"rendered":"<p><strong>Um homem foi detido pelo Servi\u00e7o de Imigra\u00e7\u00e3o e Alf\u00e2ndega dos EUA (ICE) durante uma opera\u00e7\u00e3o federal em Nova Jersey, embora ele n\u00e3o fosse o alvo da investiga\u00e7\u00e3o, de acordo com autoridades e grupos de defesa dos imigrantes.<\/strong><\/p>\n<p>O Gabinete do Promotor P\u00fablico do Condado de Cape May (NJ) confirmou que um mandado de busca foi executado no quarteir\u00e3o 800 da Asbury Avenue em Ocean City (Condado de Cape May) como parte de uma investiga\u00e7\u00e3o de explora\u00e7\u00e3o infantil em andamento na ter\u00e7a-feira, 29 de julho.<\/p>\n<p>O promotor Jeffrey Sutherland disse que o mandado foi originado de uma den\u00fancia cibern\u00e9tica do Centro Nacional para Crian\u00e7as Desaparecidas e Exploradas, que identificou o compartilhamento e o download de material de abuso sexual infantil.<\/p>\n<p>Diversas ag\u00eancias estiveram envolvidas na execu\u00e7\u00e3o do mandado, incluindo o Minist\u00e9rio P\u00fablico do Condado de Cape May, o Departamento de Pol\u00edcia de Ocean City, a For\u00e7a-Tarefa de Crimes contra Crian\u00e7as na Internet (ICAC) e o Departamento de Investiga\u00e7\u00f5es de Seguran\u00e7a Interna (HSI-Atlantic City). V\u00e1rios dispositivos eletr\u00f4nicos foram apreendidos no apartamento.<\/p>\n<p>Mais tarde, em uma declara\u00e7\u00e3o \u00e0 NJ Advance Media, o promotor Sutherland confirmou que algu\u00e9m que morava na casa e que &#8220;n\u00e3o era alvo do mandado de busca foi detido pelo ICE com base em um mandado federal n\u00e3o relacionado&#8221;.<\/p>\n<p>Nenhuma acusa\u00e7\u00e3o criminal foi apresentada em rela\u00e7\u00e3o ao indiv\u00edduo detido. As autoridades n\u00e3o divulgaram o nome da pessoa. Na mesma noite, El Pueblo Unido de Atlantic City \u2014 uma organiza\u00e7\u00e3o comunit\u00e1ria que atende fam\u00edlias de imigrantes no sul de Jersey \u2014 realizou uma coletiva de imprensa com parentes do homem no Facebook Live. \u201cEsta transmiss\u00e3o \u00e9 para informar e educar nossa comunidade sobre o que realmente aconteceu\u201d, dizia a legenda. \u201cPorque isso pode acontecer com qualquer um de n\u00f3s.\u201d<\/p>\n<p>O grupo disse que o homem detido n\u00e3o tinha antecedentes criminais e n\u00e3o estava envolvido no caso de explora\u00e7\u00e3o infantil.\u00a0\u201cEle foi preso apenas por uma quest\u00e3o de imigra\u00e7\u00e3o civil\u201d, afirmou o grupo. \u201cEle foi v\u00edtima de uma opera\u00e7\u00e3o, n\u00e3o um agente alvo.\u201d\u00a0Na transmiss\u00e3o ao vivo, familiares criticaram as autoridades policiais e os meios de comunica\u00e7\u00e3o pelo que descreveram como tentativas de \u201ccriminalizar\u201d o detido, dizendo:<\/p>\n<p>\u201cNingu\u00e9m merece ser tratado como criminoso pelo simples fato de estar em busca de uma vida melhor.\u201d O El Pueblo Unido pediu aos membros da comunidade que &#8220;se informassem&#8221; e &#8220;ouvissem diretamente da fam\u00edlia como foram tratados hoje&#8221;. O grupo tamb\u00e9m ofereceu uma linha direta para os moradores afetados e anunciou os pr\u00f3ximos workshops &#8220;Conhe\u00e7a Seus Direitos&#8221;.<\/p>\n","protected":false},"excerpt":{"rendered":"<p>Um homem foi detido pelo Servi\u00e7o de Imigra\u00e7\u00e3o e Alf\u00e2ndega dos EUA (ICE) durante uma opera\u00e7\u00e3o federal em Nova Jersey, embora ele n\u00e3o fosse o alvo da investiga\u00e7\u00e3o, de acordo com autoridades e grupos de defesa dos imigrantes. O Gabinete do Promotor P\u00fablico do Condado de Cape May (NJ) confirmou que um mandado de busca foi executado no quarteir\u00e3o 800 da Asbury Avenue em Ocean City (Condado de Cape May) como parte de uma investiga\u00e7\u00e3o de explora\u00e7\u00e3o infantil em andamento na ter\u00e7a-feira, 29 de julho. O promotor Jeffrey Sutherland disse que o mandado foi originado de uma den\u00fancia cibern\u00e9tica do [&hellip;]<\/p>\n","protected":false},"author":1,"featured_media":61077,"comment_status":"open","ping_status":"closed","sticky":false,"template":"","format":"standard","meta":{"_links_to":"","_links_to_target":""},"categories":[4,3,1],"tags":[],"views":1937,"_links":{"self":[{"href":"https:\/\/www.brazilianpress.com\/v1\/wp-json\/wp\/v2\/posts\/61076"}],"collection":[{"href":"https:\/\/www.brazilianpress.com\/v1\/wp-json\/wp\/v2\/posts"}],"about":[{"href":"https:\/\/www.brazilianpress.com\/v1\/wp-json\/wp\/v2\/types\/post"}],"author":[{"embeddable":true,"href":"https:\/\/www.brazilianpress.com\/v1\/wp-json\/wp\/v2\/users\/1"}],"replies":[{"embeddable":true,"href":"https:\/\/www.brazilianpress.com\/v1\/wp-json\/wp\/v2\/comments?post=61076"}],"version-history":[{"count":1,"href":"https:\/\/www.brazilianpress.com\/v1\/wp-json\/wp\/v2\/posts\/61076\/revisions"}],"predecessor-version":[{"id":61078,"href":"https:\/\/www.brazilianpress.com\/v1\/wp-json\/wp\/v2\/posts\/61076\/revisions\/61078"}],"wp:featuredmedia":[{"embeddable":true,"href":"https:\/\/www.brazilianpress.com\/v1\/wp-json\/wp\/v2\/media\/61077"}],"wp:attachment":[{"href":"https:\/\/www.brazilianpress.com\/v1\/wp-json\/wp\/v2\/media?parent=61076"}],"wp:term":[{"taxonomy":"category","embeddable":true,"href":"https:\/\/www.brazilianpress.com\/v1\/wp-json\/wp\/v2\/categories?post=61076"},{"taxonomy":"post_tag","embeddable":true,"href":"https:\/\/www.brazilianpress.com\/v1\/wp-json\/wp\/v2\/tags?post=61076"}],"curies":[{"name":"wp","href":"https:\/\/api.w.org\/{rel}","templated":true}]}}