{"id":61107,"date":"2025-08-05T20:48:39","date_gmt":"2025-08-06T00:48:39","guid":{"rendered":"https:\/\/www.brazilianpress.com\/v1\/?p=61107"},"modified":"2025-08-05T20:48:39","modified_gmt":"2025-08-06T00:48:39","slug":"agenda-cultural-august-5th-2025","status":"publish","type":"post","link":"https:\/\/www.brazilianpress.com\/v1\/2025\/08\/05\/agenda-cultural-august-5th-2025\/","title":{"rendered":"Agenda Cultural: August 5th, 2025"},"content":{"rendered":"<p><strong><em>By Roger Costa<\/em><\/strong><\/p>\n<p><strong>@The Joyce Theater<\/strong><\/p>\n<p>An electrifying, passionate and deeply moving traditional collective dance spectacle, choreographer and Flamenco master Soledad Barrio reunites her group, Noche Flamenco, for a mesmerizing new show at The Joyce Theater, 175 Eighth Avenue. Performing thru Sunday, August 10<sup>th<\/sup>, Soledad Barrio &amp; Noche Flamenco immerse the audience with their dazzling and sensual tap dancing accompanied by live guitar players and fabulous singers.<\/p>\n<p>Formed by Martin Santangelo and led by his wife, the Award-winning choreographer and dancer Soledad Barrio, the group presents \u201cLegacy of Your Dreams\u201d, a collective work characterized by Flamenco traditions and modern vigor. Tickets start at $10. INFO: <a href=\"https:\/\/www.joyce.org\/performances\/soledad-barrio-and-noche-flamenca-7gd8\">https:\/\/www.joyce.org\/performances\/soledad-barrio-and-noche-flamenca-7gd8<\/a><\/p>\n<p><img loading=\"lazy\" class=\"alignnone size-full wp-image-61105\" src=\"https:\/\/www.brazilianpress.com\/v1\/wp-content\/uploads\/2025\/08\/QUAD-CINEMA.jpg\" alt=\"\" width=\"700\" height=\"452\" srcset=\"https:\/\/www.brazilianpress.com\/v1\/wp-content\/uploads\/2025\/08\/QUAD-CINEMA.jpg 700w, https:\/\/www.brazilianpress.com\/v1\/wp-content\/uploads\/2025\/08\/QUAD-CINEMA-300x194.jpg 300w\" sizes=\"(max-width: 700px) 100vw, 700px\" \/><\/p>\n<p><strong>@Quad Cinema<\/strong><\/p>\n<p>After the success of the Pride series and the positive response from moviegoers, Quad Cinema (34 West 13<sup>th<\/sup> Street) kicks off another celebration of popular cinema with \u201cDrenched: Sweaty and Sunkissed Cinema\u201d. Curated by the Quad\u2019s staff and programming team and featuring 10 films set on hot, sweaty summer days, the series invite the audience to get drenched with a variety of entertaining (and some very sexy) titles.<\/p>\n<p><img loading=\"lazy\" class=\"alignnone size-full wp-image-61104\" src=\"https:\/\/www.brazilianpress.com\/v1\/wp-content\/uploads\/2025\/08\/QUAD-CINEMA-FOTO-2.jpg\" alt=\"\" width=\"700\" height=\"390\" srcset=\"https:\/\/www.brazilianpress.com\/v1\/wp-content\/uploads\/2025\/08\/QUAD-CINEMA-FOTO-2.jpg 700w, https:\/\/www.brazilianpress.com\/v1\/wp-content\/uploads\/2025\/08\/QUAD-CINEMA-FOTO-2-300x167.jpg 300w\" sizes=\"(max-width: 700px) 100vw, 700px\" \/><\/p>\n<p>Marlon Brando will definitely set the screen on fire next to Vivien Leigh in the irresistible \u201cA Streetcar Named Desire\u201d, which will be playing in multiple days, while Alain Delon plays the infamous sociopath Tom Ripley in 1960\u2019s \u201cPurple Noon\u201d. Other titles include Al Pacino-starring \u201cDog Day Afternoon\u201d and Spike Lee\u2019s \u201cCrooklyn\u201d which he wrote and directed alongside his siblings. Tickets $17. INFO: <a href=\"https:\/\/quadcinema.com\/program\/drenched-sweaty-and-sunkissed-cinema\/\">https:\/\/quadcinema.com\/program\/drenched-sweaty-and-sunkissed-cinema\/<\/a><\/p>\n<p><img loading=\"lazy\" class=\"alignnone size-full wp-image-61103\" src=\"https:\/\/www.brazilianpress.com\/v1\/wp-content\/uploads\/2025\/08\/NJPAC.jpg\" alt=\"\" width=\"600\" height=\"350\" srcset=\"https:\/\/www.brazilianpress.com\/v1\/wp-content\/uploads\/2025\/08\/NJPAC.jpg 600w, https:\/\/www.brazilianpress.com\/v1\/wp-content\/uploads\/2025\/08\/NJPAC-300x175.jpg 300w\" sizes=\"(max-width: 600px) 100vw, 600px\" \/><\/p>\n<p><strong>@NJPAC<\/strong><\/p>\n<p>Released as a double album in 1975, \u201cPhysical Graffiti\u201d is the sixth studio album by the English rock band Led Zeppelin. To celebrate one of the most revered rock albums in history, Kashmir the acclaimed tribute-band will bring to life those powerful hits led by the iconic vocalist Jean Violet.<\/p>\n<p><img loading=\"lazy\" class=\"alignnone size-full wp-image-61102\" src=\"https:\/\/www.brazilianpress.com\/v1\/wp-content\/uploads\/2025\/08\/NJPAC-FOTO-2.jpg\" alt=\"\" width=\"700\" height=\"197\" srcset=\"https:\/\/www.brazilianpress.com\/v1\/wp-content\/uploads\/2025\/08\/NJPAC-FOTO-2.jpg 700w, https:\/\/www.brazilianpress.com\/v1\/wp-content\/uploads\/2025\/08\/NJPAC-FOTO-2-300x84.jpg 300w\" sizes=\"(max-width: 700px) 100vw, 700px\" \/><\/p>\n<p>Expect the best in thrilling guitars, potent chords and songs such as \u201cIn My Time of Dying\u201d, \u201cTen Years Gone\u201d \u201cDown By the Seaside\u201d and many more. This is one of the greatest tributes to Robert Plant and Jimmy Page. Friday, September 12th at 8pm at NJPAC, 1 Center Street, Newark, NJ. Tickets start at $58. INFO: <a href=\"https:\/\/www.njpac.org\/event\/kashmir-featuring-jean-violet-50th-anniversary-of-physical-graffiti\/\">https:\/\/www.njpac.org\/event\/kashmir-featuring-jean-violet-50th-anniversary-of-physical-graffiti\/<\/a><\/p>\n<p><img loading=\"lazy\" class=\"alignnone size-full wp-image-61101\" src=\"https:\/\/www.brazilianpress.com\/v1\/wp-content\/uploads\/2025\/08\/LINCOLN-CENTER-FOTO-1.jpg\" alt=\"\" width=\"700\" height=\"394\" srcset=\"https:\/\/www.brazilianpress.com\/v1\/wp-content\/uploads\/2025\/08\/LINCOLN-CENTER-FOTO-1.jpg 700w, https:\/\/www.brazilianpress.com\/v1\/wp-content\/uploads\/2025\/08\/LINCOLN-CENTER-FOTO-1-300x169.jpg 300w, https:\/\/www.brazilianpress.com\/v1\/wp-content\/uploads\/2025\/08\/LINCOLN-CENTER-FOTO-1-400x225.jpg 400w, https:\/\/www.brazilianpress.com\/v1\/wp-content\/uploads\/2025\/08\/LINCOLN-CENTER-FOTO-1-600x338.jpg 600w\" sizes=\"(max-width: 700px) 100vw, 700px\" \/><\/p>\n<p><strong>@Lincoln Center<\/strong><\/p>\n<p>The amazing community summer event Summer for the City presented by Lincoln Center wraps up its 2025 season this weekend and Latin music will lead the farewell with an unforgettable vibe. Returning to Lincoln Center for its second year, Ruidosa Fest, the first female-led music festival from Latin America, will take place on Saturday, August 9, 2025. Featuring a diverse line up of emerging artists, this free festival, was founded by acclaimed singer-songwriter Francisca Valenzuela, and celebrates the voices of female Latin artists.<\/p>\n<p><img loading=\"lazy\" class=\"alignnone size-full wp-image-61100\" src=\"https:\/\/www.brazilianpress.com\/v1\/wp-content\/uploads\/2025\/08\/LINCLN-CENTER-FOTO-2.jpg\" alt=\"\" width=\"700\" height=\"407\" srcset=\"https:\/\/www.brazilianpress.com\/v1\/wp-content\/uploads\/2025\/08\/LINCLN-CENTER-FOTO-2.jpg 700w, https:\/\/www.brazilianpress.com\/v1\/wp-content\/uploads\/2025\/08\/LINCLN-CENTER-FOTO-2-300x174.jpg 300w\" sizes=\"(max-width: 700px) 100vw, 700px\" \/><\/p>\n<p>Music will heat up the cultural center of New York with the rapper Snow Tha Product, Dominican rapper and singer J Noa, vocalist PAM\u00c9, radiant Mexican singer Camila Fern\u00e1ndez, GRAMMY nominated singer, songwriter, and producer Sof\u00eda Rei and many others.<\/p>\n<p>Free. INFO: <a href=\"https:\/\/www.lincolncenter.org\/series\/summer-for-the-city\/ruidosa-fest-1-286\">https:\/\/www.lincolncenter.org\/series\/summer-for-the-city\/ruidosa-fest-1-286<\/a><\/p>\n","protected":false},"excerpt":{"rendered":"<p>By Roger Costa @The Joyce Theater An electrifying, passionate and deeply moving traditional collective dance spectacle, choreographer and Flamenco master Soledad Barrio reunites her group, Noche Flamenco, for a mesmerizing new show at The Joyce Theater, 175 Eighth Avenue. Performing thru Sunday, August 10th, Soledad Barrio &amp; Noche Flamenco immerse the audience with their dazzling and sensual tap dancing accompanied by live guitar players and fabulous singers. Formed by Martin Santangelo and led by his wife, the Award-winning choreographer and dancer Soledad Barrio, the group presents \u201cLegacy of Your Dreams\u201d, a collective work characterized by Flamenco traditions and modern vigor. [&hellip;]<\/p>\n","protected":false},"author":1,"featured_media":61106,"comment_status":"open","ping_status":"closed","sticky":false,"template":"","format":"standard","meta":{"_links_to":"","_links_to_target":""},"categories":[20,1],"tags":[],"views":1447,"_links":{"self":[{"href":"https:\/\/www.brazilianpress.com\/v1\/wp-json\/wp\/v2\/posts\/61107"}],"collection":[{"href":"https:\/\/www.brazilianpress.com\/v1\/wp-json\/wp\/v2\/posts"}],"about":[{"href":"https:\/\/www.brazilianpress.com\/v1\/wp-json\/wp\/v2\/types\/post"}],"author":[{"embeddable":true,"href":"https:\/\/www.brazilianpress.com\/v1\/wp-json\/wp\/v2\/users\/1"}],"replies":[{"embeddable":true,"href":"https:\/\/www.brazilianpress.com\/v1\/wp-json\/wp\/v2\/comments?post=61107"}],"version-history":[{"count":1,"href":"https:\/\/www.brazilianpress.com\/v1\/wp-json\/wp\/v2\/posts\/61107\/revisions"}],"predecessor-version":[{"id":61108,"href":"https:\/\/www.brazilianpress.com\/v1\/wp-json\/wp\/v2\/posts\/61107\/revisions\/61108"}],"wp:featuredmedia":[{"embeddable":true,"href":"https:\/\/www.brazilianpress.com\/v1\/wp-json\/wp\/v2\/media\/61106"}],"wp:attachment":[{"href":"https:\/\/www.brazilianpress.com\/v1\/wp-json\/wp\/v2\/media?parent=61107"}],"wp:term":[{"taxonomy":"category","embeddable":true,"href":"https:\/\/www.brazilianpress.com\/v1\/wp-json\/wp\/v2\/categories?post=61107"},{"taxonomy":"post_tag","embeddable":true,"href":"https:\/\/www.brazilianpress.com\/v1\/wp-json\/wp\/v2\/tags?post=61107"}],"curies":[{"name":"wp","href":"https:\/\/api.w.org\/{rel}","templated":true}]}}