{"id":61115,"date":"2025-08-08T16:36:31","date_gmt":"2025-08-08T20:36:31","guid":{"rendered":"https:\/\/www.brazilianpress.com\/v1\/?p=61115"},"modified":"2025-08-08T16:36:31","modified_gmt":"2025-08-08T20:36:31","slug":"numero-de-brasileiros-na-lista-de-deportacao-e-maior-do-que-voos-vindos-dos-eua-diz-ministra-dos-direitos-humanos","status":"publish","type":"post","link":"https:\/\/www.brazilianpress.com\/v1\/2025\/08\/08\/numero-de-brasileiros-na-lista-de-deportacao-e-maior-do-que-voos-vindos-dos-eua-diz-ministra-dos-direitos-humanos\/","title":{"rendered":"N\u00famero de brasileiros na lista de deporta\u00e7\u00e3o \u00e9 maior do que voos vindos dos EUA, diz ministra dos Direitos Humanos"},"content":{"rendered":"<p><strong>O n\u00famero de brasileiros na lista de deporta\u00e7\u00e3o dos Estados Unidos para o Brasil \u00e9 muito maior que o n\u00famero de voos promovidos pelo governo americano. A afirma\u00e7\u00e3o \u00e9 da Ministra dos Direitos Humanos e Cidadania, Maca\u00e9 Evaristo, feita nesta sexta-feira (8) durante coletiva de imprensa em Belo Horizonte.<\/strong><\/p>\n<p>Nessa quinta-feira (7), 100 brasileiros desembarcaram no Aeroporto Internacional de Belo Horizonte, em Confins, vindos do Texas, nos Estados Unidos. Este foi o d\u00e9cimo quinto voo de deportados desde o in\u00edcio do governo de Donald Trump. O n\u00famero de repatriados desde fevereiro deste ano j\u00e1 ultrapassa 1,3 mil pessoas.<\/p>\n<p><img loading=\"lazy\" class=\"alignnone size-full\" src=\"https:\/\/medias.itatiaia.com.br\/dims4\/default\/db23731\/2147483647\/strip\/true\/crop\/2048x1153+0+106\/resize\/1000x563!\/format\/webp\/quality\/90\/?url=https%3A%2F%2Fk2-prod-radio-itatiaia.s3.us-east-1.amazonaws.com%2Fbrightspot%2F01%2F47%2F87d13c7c4077ac12087d67f1b3fd%2Fmacae-evaristo.jpg\" width=\"1000\" height=\"563\" \/><\/p>\n<p>Sobre o atraso na chegada dos brasileiros e o fato deles estarem algemados, a ministra detalhou o trabalho de acolhimento feito pelo governo federal, quando eles descem em solo brasileiro, e explica que os voos s\u00e3o organizados pelos Estados Unidos.<\/p>\n<p>\u201cDesde que n\u00f3s entramos diretamente no processo de negocia\u00e7\u00e3o, a gente tem tentado trabalhar para que tenha um ordenamento nessa vinda e que a gente possa tamb\u00e9m estabelecer aqui toda uma opera\u00e7\u00e3o de acolhimento para essas pessoas que est\u00e3o chegando\u201d, detalha a ministra. Nesta semana, o Governo Federal lan\u00e7ou o programa Aqui \u00e9 Brasil, de acolhimento aos deportados e repatriados. Assim que chegam ao pa\u00eds, eles passam por uma triagem para identificar as principais demandas e necessidades. Minas Gerais segue sendo o estado que mais recebeu repatriados, seguido de Rond\u00f4nia, S\u00e3o Paulo, Goi\u00e1s, e Esp\u00edrito Santo.<\/p>\n","protected":false},"excerpt":{"rendered":"<p>O n\u00famero de brasileiros na lista de deporta\u00e7\u00e3o dos Estados Unidos para o Brasil \u00e9 muito maior que o n\u00famero de voos promovidos pelo governo americano. A afirma\u00e7\u00e3o \u00e9 da Ministra dos Direitos Humanos e Cidadania, Maca\u00e9 Evaristo, feita nesta sexta-feira (8) durante coletiva de imprensa em Belo Horizonte. Nessa quinta-feira (7), 100 brasileiros desembarcaram no Aeroporto Internacional de Belo Horizonte, em Confins, vindos do Texas, nos Estados Unidos. Este foi o d\u00e9cimo quinto voo de deportados desde o in\u00edcio do governo de Donald Trump. O n\u00famero de repatriados desde fevereiro deste ano j\u00e1 ultrapassa 1,3 mil pessoas. Sobre o [&hellip;]<\/p>\n","protected":false},"author":1,"featured_media":59901,"comment_status":"open","ping_status":"closed","sticky":false,"template":"","format":"standard","meta":{"_links_to":"","_links_to_target":""},"categories":[4,3,1],"tags":[],"views":1622,"_links":{"self":[{"href":"https:\/\/www.brazilianpress.com\/v1\/wp-json\/wp\/v2\/posts\/61115"}],"collection":[{"href":"https:\/\/www.brazilianpress.com\/v1\/wp-json\/wp\/v2\/posts"}],"about":[{"href":"https:\/\/www.brazilianpress.com\/v1\/wp-json\/wp\/v2\/types\/post"}],"author":[{"embeddable":true,"href":"https:\/\/www.brazilianpress.com\/v1\/wp-json\/wp\/v2\/users\/1"}],"replies":[{"embeddable":true,"href":"https:\/\/www.brazilianpress.com\/v1\/wp-json\/wp\/v2\/comments?post=61115"}],"version-history":[{"count":1,"href":"https:\/\/www.brazilianpress.com\/v1\/wp-json\/wp\/v2\/posts\/61115\/revisions"}],"predecessor-version":[{"id":61116,"href":"https:\/\/www.brazilianpress.com\/v1\/wp-json\/wp\/v2\/posts\/61115\/revisions\/61116"}],"wp:featuredmedia":[{"embeddable":true,"href":"https:\/\/www.brazilianpress.com\/v1\/wp-json\/wp\/v2\/media\/59901"}],"wp:attachment":[{"href":"https:\/\/www.brazilianpress.com\/v1\/wp-json\/wp\/v2\/media?parent=61115"}],"wp:term":[{"taxonomy":"category","embeddable":true,"href":"https:\/\/www.brazilianpress.com\/v1\/wp-json\/wp\/v2\/categories?post=61115"},{"taxonomy":"post_tag","embeddable":true,"href":"https:\/\/www.brazilianpress.com\/v1\/wp-json\/wp\/v2\/tags?post=61115"}],"curies":[{"name":"wp","href":"https:\/\/api.w.org\/{rel}","templated":true}]}}