{"id":61152,"date":"2025-08-13T14:02:27","date_gmt":"2025-08-13T18:02:27","guid":{"rendered":"https:\/\/www.brazilianpress.com\/v1\/?p=61152"},"modified":"2025-08-13T14:02:27","modified_gmt":"2025-08-13T18:02:27","slug":"com-a-ajuda-da-tecnologia-brasileiro-tetraplegico-internado-ha-25-anos-volta-a-estudar-com-ajuda-da-tecnologia","status":"publish","type":"post","link":"https:\/\/www.brazilianpress.com\/v1\/2025\/08\/13\/com-a-ajuda-da-tecnologia-brasileiro-tetraplegico-internado-ha-25-anos-volta-a-estudar-com-ajuda-da-tecnologia\/","title":{"rendered":"Com a ajuda da tecnologia, brasileiro tetrapl\u00e9gico internado h\u00e1 25 anos, volta a estudar com ajuda da tecnologia"},"content":{"rendered":"<p><strong>Internado h\u00e1 25 anos no Hospital Dom Pedro II, na Zona Norte de S\u00e3o Paulo, o paulista Cleyton Cipriano Pinto, de 44 anos, acaba de retomar um sonho que parecia imposs\u00edvel: fazer faculdade. Tetrapl\u00e9gico desde 1999, ele recebeu um dispositivo especial que permite controlar o computador apenas com movimentos da cabe\u00e7a e, junto com isso, ganhou uma bolsa integral para cursar gradua\u00e7\u00e3o a dist\u00e2ncia.<\/strong><\/p>\n<p>O equipamento foi criado especialmente para ele pelo Laborat\u00f3rio de Inova\u00e7\u00f5es Acad\u00eamicas, dentro do projeto M\u00e3os Livres, do Programa EAD Social do Grupo Ser Educacional. A pe\u00e7a, encaixada na lateral dos \u00f3culos, tem sensores de movimento e proximidade, possibilitando mover o cursor e clicar sem usar as m\u00e3os.<\/p>\n<p>Agora, com a tecnologia e a bolsa de estudos para o curso de empreendedorismo digital na Universidade Guarulhos, Cleyton come\u00e7a uma nova etapa da vida e prova que, mesmo ap\u00f3s d\u00e9cadas no hospital, a determina\u00e7\u00e3o pode abrir portas que pareciam trancadas para sempre.<\/p>\n<p>O dispositivo foi produzido em tr\u00eas meses e impresso em 3D. Ele permite que Cleyton navegue, escreva e se comunique sem precisar da ajuda de outra pessoa para usar o computador. \u201cTer a oportunidade de ter um aparelho como esse \u00e9 uma virada de vida para um tetrapl\u00e9gico. \u00c9 uma liberdade que s\u00f3 a tecnologia pode dar\u201d, contou.<\/p>\n<p>Para ele, mais do que estudar, o equipamento significa estar presente no mundo digital: falar com amigos, expor sentimentos e participar de videochamadas. O analista de inova\u00e7\u00e3o Rafael Pacheco Ferreira, respons\u00e1vel pelo desenvolvimento, explicou que o foco era criar algo acess\u00edvel, confort\u00e1vel e f\u00e1cil de adaptar.<\/p>\n<p>O projeto tamb\u00e9m quer inspirar outras pessoas com limita\u00e7\u00f5es f\u00edsicas a voltarem a estudar. Segundo o CEO do Grupo Ser Educacional, J\u00e2nyo Diniz, \u201ca hist\u00f3ria de perseveran\u00e7a do Cleyton nos inspira e refor\u00e7a nosso compromisso com a inclus\u00e3o por meio da educa\u00e7\u00e3o\u201d.<\/p>\n<p>Mesmo com limita\u00e7\u00f5es f\u00edsicas, Cleyton j\u00e1 realizou feitos impressionantes. Ele escreveu um livro autobiogr\u00e1fico letra por letra, usando um l\u00e1pis preso \u00e0 boca \u2014 processo que levou mais de dez anos. Antes disso, chegou a cursar dois semestres de Direito e participou de uma aceleradora inclusiva de programa\u00e7\u00e3o, mas precisou parar por quest\u00f5es de sa\u00fade e recursos.<\/p>\n<p>Agora, seu foco \u00e9 concluir a gradua\u00e7\u00e3o e, no futuro, ter uma profiss\u00e3o que lhe permita custear o alto pre\u00e7o de viver com tetraplegia. \u201cA vida de um tetrapl\u00e9gico custa em m\u00e9dia de R$ 15 mil a R$ 20 mil por m\u00eas. Uma cadeira de rodas adequada pode chegar a R$ 20 mil. \u00c9 imposs\u00edvel com sal\u00e1rio m\u00ednimo\u201d, disse.<\/p>\n<p>Com o apoio da tecnologia e da educa\u00e7\u00e3o, ele acredita estar mais perto de alcan\u00e7ar essa meta. \u201cO que eu busco h\u00e1 anos \u00e9 liberdade. E, com esse projeto, eu voltei a acreditar que ela \u00e9 poss\u00edvel\u201d, concluiu.<\/p>\n","protected":false},"excerpt":{"rendered":"<p>Internado h\u00e1 25 anos no Hospital Dom Pedro II, na Zona Norte de S\u00e3o Paulo, o paulista Cleyton Cipriano Pinto, de 44 anos, acaba de retomar um sonho que parecia imposs\u00edvel: fazer faculdade. Tetrapl\u00e9gico desde 1999, ele recebeu um dispositivo especial que permite controlar o computador apenas com movimentos da cabe\u00e7a e, junto com isso, ganhou uma bolsa integral para cursar gradua\u00e7\u00e3o a dist\u00e2ncia. O equipamento foi criado especialmente para ele pelo Laborat\u00f3rio de Inova\u00e7\u00f5es Acad\u00eamicas, dentro do projeto M\u00e3os Livres, do Programa EAD Social do Grupo Ser Educacional. A pe\u00e7a, encaixada na lateral dos \u00f3culos, tem sensores de movimento [&hellip;]<\/p>\n","protected":false},"author":1,"featured_media":61153,"comment_status":"open","ping_status":"closed","sticky":false,"template":"","format":"standard","meta":{"_links_to":"","_links_to_target":""},"categories":[7,3,1],"tags":[],"views":1445,"_links":{"self":[{"href":"https:\/\/www.brazilianpress.com\/v1\/wp-json\/wp\/v2\/posts\/61152"}],"collection":[{"href":"https:\/\/www.brazilianpress.com\/v1\/wp-json\/wp\/v2\/posts"}],"about":[{"href":"https:\/\/www.brazilianpress.com\/v1\/wp-json\/wp\/v2\/types\/post"}],"author":[{"embeddable":true,"href":"https:\/\/www.brazilianpress.com\/v1\/wp-json\/wp\/v2\/users\/1"}],"replies":[{"embeddable":true,"href":"https:\/\/www.brazilianpress.com\/v1\/wp-json\/wp\/v2\/comments?post=61152"}],"version-history":[{"count":1,"href":"https:\/\/www.brazilianpress.com\/v1\/wp-json\/wp\/v2\/posts\/61152\/revisions"}],"predecessor-version":[{"id":61154,"href":"https:\/\/www.brazilianpress.com\/v1\/wp-json\/wp\/v2\/posts\/61152\/revisions\/61154"}],"wp:featuredmedia":[{"embeddable":true,"href":"https:\/\/www.brazilianpress.com\/v1\/wp-json\/wp\/v2\/media\/61153"}],"wp:attachment":[{"href":"https:\/\/www.brazilianpress.com\/v1\/wp-json\/wp\/v2\/media?parent=61152"}],"wp:term":[{"taxonomy":"category","embeddable":true,"href":"https:\/\/www.brazilianpress.com\/v1\/wp-json\/wp\/v2\/categories?post=61152"},{"taxonomy":"post_tag","embeddable":true,"href":"https:\/\/www.brazilianpress.com\/v1\/wp-json\/wp\/v2\/tags?post=61152"}],"curies":[{"name":"wp","href":"https:\/\/api.w.org\/{rel}","templated":true}]}}