{"id":61158,"date":"2025-08-14T16:56:45","date_gmt":"2025-08-14T20:56:45","guid":{"rendered":"https:\/\/www.brazilianpress.com\/v1\/?p=61158"},"modified":"2025-08-14T16:56:45","modified_gmt":"2025-08-14T20:56:45","slug":"cruzeiro-se-reunira-com-cbf-contra-atuacoes-de-arbitro-de-campo-e-var-diante-do-santos","status":"publish","type":"post","link":"https:\/\/www.brazilianpress.com\/v1\/2025\/08\/14\/cruzeiro-se-reunira-com-cbf-contra-atuacoes-de-arbitro-de-campo-e-var-diante-do-santos\/","title":{"rendered":"Cruzeiro se reunir\u00e1 com CBF contra atua\u00e7\u00f5es de \u00e1rbitro de campo e VAR diante do Santos"},"content":{"rendered":"<p><strong>Clube alega erro em anula\u00e7\u00e3o do gol de Kaio Jorge e falta de crit\u00e9rio em marca\u00e7\u00f5es e aplica\u00e7\u00e3o de cart\u00f5es ao longo do jogo; auxiliar-t\u00e9cnico dispara contra a CBF<\/strong><\/p>\n<p>O\u00a0Cruzeiro\u00a0vai formalizar reclama\u00e7\u00e3o na CBF contra a atua\u00e7\u00e3o da equipe de arbitragem na derrota por 2 a 1 diante do Santos, no domingo, no Mineir\u00e3o. Os questionamentos est\u00e3o direcionados ao \u00e1rbitro Wilton Pereira Sampaio e ao respons\u00e1vel pelo VAR, Paulo Renato Moreira da Silva Coelho.<\/p>\n<p>O clube vai conversar presencialmente com integrantes da entidade, nesta ter\u00e7a-feira, aproveitando a ida ao Rio de Janeiro para o sorteio das quartas de final da\u00a0Copa do Brasil.\u00a0Paulo Pelaipe, diretor-executivo, e Pedro J\u00fanio, vice-presidente de futebol, representar\u00e3o o\u00a0Cruzeiro\u00a0e tamb\u00e9m ser\u00e3o os respons\u00e1veis pela entrega da reclama\u00e7\u00e3o formal.<\/p>\n<p>A principal reclama\u00e7\u00e3o do clube \u00e9 a anula\u00e7\u00e3o do gol marcado por Kaio Jorge. Em campo, o gol foi confirmado por Wilton, que foi chamado ao VAR e assinalou falta de Matheus Pereira em Z\u00e9 Rafael, no in\u00edcio do lance. Tanto o \u00e1rbitro de campo, quanto Paulo Renato, alegaram toque do camisa 10 na panturrilha do santista em roubada que iniciou o lance.<\/p>\n<p>Mas, al\u00e9m do lance, a diretoria endossa a reclama\u00e7\u00e3o de Leonardo Jardim, alegando que Wilton Pereira Sampaio n\u00e3o adotou o mesmo crit\u00e9rio para marca\u00e7\u00e3o de faltas e puni\u00e7\u00f5es com amarelos ao longo da partida. O\u00a0Cruzeiro\u00a0levou cinco cart\u00f5es, e o Santos levou tr\u00eas.<\/p>\n<p>Desabafo do auxiliar<br \/>\nAl\u00e9m de jogadores e do t\u00e9cnico Leonardo Jardim, quem tamb\u00e9m criticou a atua\u00e7\u00e3o da arbitragem foi Diogo Dias, auxiliar da comiss\u00e3o portuguesa. O profissional citou que o\u00a0Cruzeiro\u00a0foi prejudicado nos jogos contra Internacional, Atl\u00e9tico-MG e Vit\u00f3ria.<\/p>\n<p>&#8211; Fala-se em campeonato competitivo, mas a \u00fanica coisa que semana ap\u00f3s semana se repete s\u00e3o os erros incompreens\u00edveis. CBF, vamos tentar instruir os senhores do apit\u03bf, vamos colocar gente profissional e sem interesses na sala do VAR.<\/p>\n<p>&#8220;N\u00e3o queiram ser os protagonistas, sejam apenas competentes. Existiram quatro jogos onde interesses maiores se sobrepuseram ao jogo&#8221;<\/p>\n<p>Em todos esses casos citados, a reclama\u00e7\u00e3o do clube est\u00e1 direcionada \u00e0 quest\u00e3o disciplinar. Contra Internacional e Vit\u00f3ria, o\u00a0Cruzeiro\u00a0teve Jonathan Jesus e Eduardo \u2013 respectivamente \u2013 expulsos ainda no primeiro tempo. Na vis\u00e3o do clube, houve erro em ambos os casos.<\/p>\n<p>Diante do Atl\u00e9tico, o entendimento \u00e9 de que J\u00fanior Alonso deveria ter sido expulso nos primeiros minutos do segundo tempo. O paraguaio, que j\u00e1 tinha amarelo, cometeu falta dura em Christian, mas n\u00e3o recebeu a segunda puni\u00e7\u00e3o. Logo na sequ\u00eancia, Alonso foi retirado de campo pelo t\u00e9cnico Cuca.<\/p>\n<p>&nbsp;<\/p>\n","protected":false},"excerpt":{"rendered":"<p>Clube alega erro em anula\u00e7\u00e3o do gol de Kaio Jorge e falta de crit\u00e9rio em marca\u00e7\u00f5es e aplica\u00e7\u00e3o de cart\u00f5es ao longo do jogo; auxiliar-t\u00e9cnico dispara contra a CBF O\u00a0Cruzeiro\u00a0vai formalizar reclama\u00e7\u00e3o na CBF contra a atua\u00e7\u00e3o da equipe de arbitragem na derrota por 2 a 1 diante do Santos, no domingo, no Mineir\u00e3o. Os questionamentos est\u00e3o direcionados ao \u00e1rbitro Wilton Pereira Sampaio e ao respons\u00e1vel pelo VAR, Paulo Renato Moreira da Silva Coelho. O clube vai conversar presencialmente com integrantes da entidade, nesta ter\u00e7a-feira, aproveitando a ida ao Rio de Janeiro para o sorteio das quartas de final da\u00a0Copa [&hellip;]<\/p>\n","protected":false},"author":1,"featured_media":61159,"comment_status":"open","ping_status":"closed","sticky":false,"template":"","format":"standard","meta":{"_links_to":"","_links_to_target":""},"categories":[9,1],"tags":[],"views":1479,"_links":{"self":[{"href":"https:\/\/www.brazilianpress.com\/v1\/wp-json\/wp\/v2\/posts\/61158"}],"collection":[{"href":"https:\/\/www.brazilianpress.com\/v1\/wp-json\/wp\/v2\/posts"}],"about":[{"href":"https:\/\/www.brazilianpress.com\/v1\/wp-json\/wp\/v2\/types\/post"}],"author":[{"embeddable":true,"href":"https:\/\/www.brazilianpress.com\/v1\/wp-json\/wp\/v2\/users\/1"}],"replies":[{"embeddable":true,"href":"https:\/\/www.brazilianpress.com\/v1\/wp-json\/wp\/v2\/comments?post=61158"}],"version-history":[{"count":1,"href":"https:\/\/www.brazilianpress.com\/v1\/wp-json\/wp\/v2\/posts\/61158\/revisions"}],"predecessor-version":[{"id":61160,"href":"https:\/\/www.brazilianpress.com\/v1\/wp-json\/wp\/v2\/posts\/61158\/revisions\/61160"}],"wp:featuredmedia":[{"embeddable":true,"href":"https:\/\/www.brazilianpress.com\/v1\/wp-json\/wp\/v2\/media\/61159"}],"wp:attachment":[{"href":"https:\/\/www.brazilianpress.com\/v1\/wp-json\/wp\/v2\/media?parent=61158"}],"wp:term":[{"taxonomy":"category","embeddable":true,"href":"https:\/\/www.brazilianpress.com\/v1\/wp-json\/wp\/v2\/categories?post=61158"},{"taxonomy":"post_tag","embeddable":true,"href":"https:\/\/www.brazilianpress.com\/v1\/wp-json\/wp\/v2\/tags?post=61158"}],"curies":[{"name":"wp","href":"https:\/\/api.w.org\/{rel}","templated":true}]}}