{"id":61222,"date":"2025-08-29T10:06:29","date_gmt":"2025-08-29T14:06:29","guid":{"rendered":"https:\/\/www.brazilianpress.com\/v1\/?p=61222"},"modified":"2025-08-29T10:07:38","modified_gmt":"2025-08-29T14:07:38","slug":"foragida-por-atos-antidemocraticos-e-presa-ao-retornar-ao-brasil-em-confins-apos-deportacao-dos-eua","status":"publish","type":"post","link":"https:\/\/www.brazilianpress.com\/v1\/2025\/08\/29\/foragida-por-atos-antidemocraticos-e-presa-ao-retornar-ao-brasil-em-confins-apos-deportacao-dos-eua\/","title":{"rendered":"Foragida por atos antidemocr\u00e1ticos \u00e9 presa ao retornar ao Brasil ap\u00f3s deporta\u00e7\u00e3o dos EUA"},"content":{"rendered":"<p><strong>Rosana Maciel Gomes, 52 anos, foi presa na noite de quarta-feira (27) ao desembarcar no Aeroporto Internacional de Confins, em Belo Horizonte, ap\u00f3s ser deportada dos Estados Unidos, onde estava detida por entrada ilegal. A pris\u00e3o ocorreu sob escolta policial, logo ap\u00f3s o pouso do voo que trazia cidad\u00e3os brasileiros deportados do territ\u00f3rio norte-americano.<\/strong><\/p>\n<p>Rosana era considerada foragida desde janeiro de 2024, quando o Supremo Tribunal Federal (STF) expediu mandado de pris\u00e3o contra ela por envolvimento nos atos antidemocr\u00e1ticos de 8 de janeiro de 2023, quando invasores atacaram sedes dos Tr\u00eas Poderes em Bras\u00edlia. Ela foi condenada a 14 anos de reclus\u00e3o pelos crimes de golpe de Estado, aboli\u00e7\u00e3o violenta do Estado democr\u00e1tico de direito, associa\u00e7\u00e3o criminosa, dano ao patrim\u00f4nio p\u00fablico e dano a bem tombado.<\/p>\n<p>Segundo apurado pelo Brazilian Press, ap\u00f3s a condena\u00e7\u00e3o, Rosana deixou o Brasil de forma irregular, utilizando rotas alternativas para atravessar fronteiras sem documenta\u00e7\u00e3o regular. Durante sua fuga, passou por Uruguai, Argentina, Col\u00f4mbia e M\u00e9xico, em um percurso que durou meses e envolveu aux\u00edlio de redes de aux\u00edlio a foragidos.<\/p>\n<p>Seu trajeto chegou ao fim quando tentou atravessar a fronteira dos Estados Unidos pelo Texas. Foi detida pelo Immigration and Customs Enforcement (ICE) por ingresso ilegal e permaneceu em centro de deten\u00e7\u00e3o por semanas at\u00e9 a conclus\u00e3o do processo de deporta\u00e7\u00e3o.<\/p>\n<p>Ainda segundo apurado pelo Brazilian Press, pouco antes de ser localizada pelas autoridades norte-americanas, Rosana fez publica\u00e7\u00f5es em redes sociais com emojis da bandeira dos Estados Unidos, o que teria chamado a aten\u00e7\u00e3o de investigadores e contribu\u00eddo para seu rastreamento.<\/p>\n<p>Ap\u00f3s o desembarque em Minas Gerais, ela foi imediatamente encaminhada para a Pol\u00edcia Federal e, posteriormente, para cumprimento da pena em regime fechado, conforme determina\u00e7\u00e3o judicial. O caso refor\u00e7a o esfor\u00e7o de coopera\u00e7\u00e3o internacional no rastreamento e repatria\u00e7\u00e3o de foragidos ligados aos atos de tentativa de ruptura institucional no Brasil.<\/p>\n","protected":false},"excerpt":{"rendered":"<p>Rosana Maciel Gomes, 52 anos, foi presa na noite de quarta-feira (27) ao desembarcar no Aeroporto Internacional de Confins, em Belo Horizonte, ap\u00f3s ser deportada dos Estados Unidos, onde estava detida por entrada ilegal. A pris\u00e3o ocorreu sob escolta policial, logo ap\u00f3s o pouso do voo que trazia cidad\u00e3os brasileiros deportados do territ\u00f3rio norte-americano. Rosana era considerada foragida desde janeiro de 2024, quando o Supremo Tribunal Federal (STF) expediu mandado de pris\u00e3o contra ela por envolvimento nos atos antidemocr\u00e1ticos de 8 de janeiro de 2023, quando invasores atacaram sedes dos Tr\u00eas Poderes em Bras\u00edlia. Ela foi condenada a 14 anos [&hellip;]<\/p>\n","protected":false},"author":1,"featured_media":61223,"comment_status":"open","ping_status":"closed","sticky":false,"template":"","format":"standard","meta":{"_links_to":"","_links_to_target":""},"categories":[4,3,1],"tags":[],"views":1102,"_links":{"self":[{"href":"https:\/\/www.brazilianpress.com\/v1\/wp-json\/wp\/v2\/posts\/61222"}],"collection":[{"href":"https:\/\/www.brazilianpress.com\/v1\/wp-json\/wp\/v2\/posts"}],"about":[{"href":"https:\/\/www.brazilianpress.com\/v1\/wp-json\/wp\/v2\/types\/post"}],"author":[{"embeddable":true,"href":"https:\/\/www.brazilianpress.com\/v1\/wp-json\/wp\/v2\/users\/1"}],"replies":[{"embeddable":true,"href":"https:\/\/www.brazilianpress.com\/v1\/wp-json\/wp\/v2\/comments?post=61222"}],"version-history":[{"count":1,"href":"https:\/\/www.brazilianpress.com\/v1\/wp-json\/wp\/v2\/posts\/61222\/revisions"}],"predecessor-version":[{"id":61224,"href":"https:\/\/www.brazilianpress.com\/v1\/wp-json\/wp\/v2\/posts\/61222\/revisions\/61224"}],"wp:featuredmedia":[{"embeddable":true,"href":"https:\/\/www.brazilianpress.com\/v1\/wp-json\/wp\/v2\/media\/61223"}],"wp:attachment":[{"href":"https:\/\/www.brazilianpress.com\/v1\/wp-json\/wp\/v2\/media?parent=61222"}],"wp:term":[{"taxonomy":"category","embeddable":true,"href":"https:\/\/www.brazilianpress.com\/v1\/wp-json\/wp\/v2\/categories?post=61222"},{"taxonomy":"post_tag","embeddable":true,"href":"https:\/\/www.brazilianpress.com\/v1\/wp-json\/wp\/v2\/tags?post=61222"}],"curies":[{"name":"wp","href":"https:\/\/api.w.org\/{rel}","templated":true}]}}