{"id":61230,"date":"2025-09-01T16:06:50","date_gmt":"2025-09-01T20:06:50","guid":{"rendered":"https:\/\/www.brazilianpress.com\/v1\/?p=61230"},"modified":"2025-09-01T16:06:50","modified_gmt":"2025-09-01T20:06:50","slug":"presa-e-com-pedido-de-asilo-negado-pelos-eua-brasileira-que-participou-dos-atos-do-8-1-aguarda-deportacao","status":"publish","type":"post","link":"https:\/\/www.brazilianpress.com\/v1\/2025\/09\/01\/presa-e-com-pedido-de-asilo-negado-pelos-eua-brasileira-que-participou-dos-atos-do-8-1-aguarda-deportacao\/","title":{"rendered":"Presa e com pedido de asilo negado pelos EUA, brasileira que participou dos atos do 8\/1 aguarda deporta\u00e7\u00e3o"},"content":{"rendered":"<p><strong>Em mais um desdobramento do caso envolvendo brasileiros envolvidos nos atos golpistas de 8 de janeiro de 2023, a mineira Rosana Maciel Gomes, 52 anos, foi trazida de volta ao Brasil em um voo de deporta\u00e7\u00e3o operado pelas autoridades norte-americanas. O retorno ocorreu na \u00faltima semana, em um avi\u00e3o que transportava dezenas de cidad\u00e3os brasileiros expulsos dos Estados Unidos por viola\u00e7\u00e3o da legisla\u00e7\u00e3o migrat\u00f3ria.<\/strong><\/p>\n<p>Rosana foi encaminhada diretamente para Belo Horizonte, onde deve passar por procedimentos legais relacionados ao seu envolvimento nos ataques ao poder democr\u00e1tico no Brasil.<\/p>\n<p><img src=\"https:\/\/static.ndmais.com.br\/2023\/03\/raquel1.jpg\" alt=\"Ataques de 8 de janeiro: quem s\u00e3o os catarinenses condenados por  participa\u00e7\u00e3o nos atos\" \/><\/p>\n<p>Enquanto isso, outra foragida do mesmo grupo, Raquel de Souza Lopes, 52 anos, natural de Joinville (SC), permanece detida nos EUA \u00e0 espera da deporta\u00e7\u00e3o. Segundo apurado pelo Brazilian Press, Raquel foi a primeira brasileira do grupo a entrar ilegalmente nos Estados Unidos, em 12 de janeiro de 2025, um dia ap\u00f3s a posse de Donald Trump. Ela foi interceptada pela Patrulha de Fronteira ainda naquele dia e encaminhada ao centro de deten\u00e7\u00e3o El Valle, localizado em Raymondville, Texas.<\/p>\n<p><img src=\"https:\/\/diariodejoinville.com\/wp-content\/uploads\/2023\/10\/Raquel-de-Souza-Lopes.jpg\" alt=\"Ap\u00f3s posse de Trump, bolsonaristas fugitivas do 8\/1 s\u00e3o presas ao tentar  entrar nos EUA\" \/><\/p>\n<p>Raquel chegou a solicitar asilo pol\u00edtico alegando persegui\u00e7\u00e3o pol\u00edtica no Brasil, mas o pedido foi rejeitado pelas autoridades migrat\u00f3rias americanas. Em julho deste ano, ela recorreu da decis\u00e3o, mas, diante da gravidade dos fatos investigados no Brasil e da press\u00e3o diplom\u00e1tica, o processo de deporta\u00e7\u00e3o ganhou celeridade. Atualmente, ela est\u00e1 sob cust\u00f3dia da Pol\u00edcia de Imigra\u00e7\u00e3o e Alf\u00e2ndega (ICE), em uma cela espec\u00edfica para estrangeiros com pend\u00eancias legais. Informa\u00e7\u00f5es indicam que a catarinense pode ser deportada nas pr\u00f3ximas semanas, assim que os tr\u00e2mites burocr\u00e1ticos forem conclu\u00eddos. O Minist\u00e9rio da Justi\u00e7a brasileiro j\u00e1 foi notificado sobre a iminente chegada de novos deportados ligados aos eventos de janeiro e prepara a\u00e7\u00f5es de acompanhamento jur\u00eddico e seguran\u00e7a. A volta de foragidos como Rosana Maciel refor\u00e7a o esfor\u00e7o conjunto entre os governos brasileiro e norte-americano para responsabilizar indiv\u00edduos envolvidos em tentativas de desestabiliza\u00e7\u00e3o institucional. A Pol\u00edcia Federal segue com investiga\u00e7\u00f5es abertas e aguarda o retorno de outros suspeitos ainda no exterior.<\/p>\n<p><img src=\"https:\/\/storage.guararemanews.com.br\/uploads\/2024\/02\/Raquel-de-Souza-Lopes-1.jpg\" alt=\"STF inicia julgamento de mais 12 r\u00e9us por atos do 8 de janeiro - Guararema  News\" \/><\/p>\n","protected":false},"excerpt":{"rendered":"<p>Em mais um desdobramento do caso envolvendo brasileiros envolvidos nos atos golpistas de 8 de janeiro de 2023, a mineira Rosana Maciel Gomes, 52 anos, foi trazida de volta ao Brasil em um voo de deporta\u00e7\u00e3o operado pelas autoridades norte-americanas. O retorno ocorreu na \u00faltima semana, em um avi\u00e3o que transportava dezenas de cidad\u00e3os brasileiros expulsos dos Estados Unidos por viola\u00e7\u00e3o da legisla\u00e7\u00e3o migrat\u00f3ria. Rosana foi encaminhada diretamente para Belo Horizonte, onde deve passar por procedimentos legais relacionados ao seu envolvimento nos ataques ao poder democr\u00e1tico no Brasil. Enquanto isso, outra foragida do mesmo grupo, Raquel de Souza Lopes, 52 [&hellip;]<\/p>\n","protected":false},"author":1,"featured_media":61231,"comment_status":"open","ping_status":"closed","sticky":false,"template":"","format":"standard","meta":{"_links_to":"","_links_to_target":""},"categories":[4,3,1],"tags":[],"views":1258,"_links":{"self":[{"href":"https:\/\/www.brazilianpress.com\/v1\/wp-json\/wp\/v2\/posts\/61230"}],"collection":[{"href":"https:\/\/www.brazilianpress.com\/v1\/wp-json\/wp\/v2\/posts"}],"about":[{"href":"https:\/\/www.brazilianpress.com\/v1\/wp-json\/wp\/v2\/types\/post"}],"author":[{"embeddable":true,"href":"https:\/\/www.brazilianpress.com\/v1\/wp-json\/wp\/v2\/users\/1"}],"replies":[{"embeddable":true,"href":"https:\/\/www.brazilianpress.com\/v1\/wp-json\/wp\/v2\/comments?post=61230"}],"version-history":[{"count":1,"href":"https:\/\/www.brazilianpress.com\/v1\/wp-json\/wp\/v2\/posts\/61230\/revisions"}],"predecessor-version":[{"id":61232,"href":"https:\/\/www.brazilianpress.com\/v1\/wp-json\/wp\/v2\/posts\/61230\/revisions\/61232"}],"wp:featuredmedia":[{"embeddable":true,"href":"https:\/\/www.brazilianpress.com\/v1\/wp-json\/wp\/v2\/media\/61231"}],"wp:attachment":[{"href":"https:\/\/www.brazilianpress.com\/v1\/wp-json\/wp\/v2\/media?parent=61230"}],"wp:term":[{"taxonomy":"category","embeddable":true,"href":"https:\/\/www.brazilianpress.com\/v1\/wp-json\/wp\/v2\/categories?post=61230"},{"taxonomy":"post_tag","embeddable":true,"href":"https:\/\/www.brazilianpress.com\/v1\/wp-json\/wp\/v2\/tags?post=61230"}],"curies":[{"name":"wp","href":"https:\/\/api.w.org\/{rel}","templated":true}]}}