{"id":61259,"date":"2025-09-08T20:34:50","date_gmt":"2025-09-09T00:34:50","guid":{"rendered":"https:\/\/www.brazilianpress.com\/v1\/?p=61259"},"modified":"2025-09-08T20:34:50","modified_gmt":"2025-09-09T00:34:50","slug":"alcatraz-dos-jacares-deposito-de-deportacao-na-florida-comeca-a-receber-primeiros-imigrantes","status":"publish","type":"post","link":"https:\/\/www.brazilianpress.com\/v1\/2025\/09\/08\/alcatraz-dos-jacares-deposito-de-deportacao-na-florida-comeca-a-receber-primeiros-imigrantes\/","title":{"rendered":"Alcatraz dos Jacar\u00e9s: &#8220;Dep\u00f3sito de Deporta\u00e7\u00e3o&#8221; na Fl\u00f3rida come\u00e7a a receber primeiros imigrantes"},"content":{"rendered":"<p><strong>A Fl\u00f3rida abriu o segundo centro de deten\u00e7\u00e3o de imigrantes, chamado de Dep\u00f3sito de Deporta\u00e7\u00e3o, em meio a uma batalha legal envolvendo a primeira instala\u00e7\u00e3o, o Alcatraz dos Jacar\u00e9s. O centro fica em uma pris\u00e3o estadual temporariamente fechada, a Institui\u00e7\u00e3o Correcional Baker, que abriga 117 detidos e tem capacidade para1.500 pessoas, de acordo com o gabinete do governador Ron DeSantis.<\/strong><\/p>\n<p>O \u201cDep\u00f3sito de Deporta\u00e7\u00e3o\u201d foi inaugurado um dia depois de um tribunal federal de apela\u00e7\u00f5es bloquear temporariamente a ordem de um juiz para fechar o Alcatraz dos Jacar\u00e9s, localizado nas profundezas dos p\u00e2ntanos dos Everglades. A instala\u00e7\u00e3o, envolta em uma cerca alta de arame, \u00e9 composta por v\u00e1rios pr\u00e9dios baixos e t\u00e9rreos. Torres de guarda est\u00e3o estrategicamente posicionadas ao redor.<\/p>\n<p><img src=\"https:\/\/images.jifo.co\/2609678_1757091882483.jpg\" alt=\"Deportation Depot' opens for detainees in North Florida\" \/><\/p>\n<p>Outros estados anunciaram instala\u00e7\u00f5es semelhantes para complementar capacidade limitada em centros de deten\u00e7\u00e3o de imigra\u00e7\u00e3o em todo o pa\u00eds. O Dep\u00f3sito de Deporta\u00e7\u00e3o faz parte dessa equa\u00e7\u00e3o e \u00e9 apenas uma parte do esfor\u00e7o do governador da Florida para expandir centros de deten\u00e7\u00e3o do estado para abrigar imigrantes. DeSantis est\u00e1 refor\u00e7ando seus planos de construir um terceiro centro de deten\u00e7\u00e3o na Fl\u00f3rida, que ele chamou de \u201cPanhandle Pokey\u201d, junto com outra instala\u00e7\u00e3o em um centro de treinamento da Guarda Nacional da Fl\u00f3rida conhecido como Camp Blanding.<\/p>\n<p>Os novos centros de deten\u00e7\u00e3o surgem enquanto a Casa Branca pressiona as autoridades a realizem pelo menos 3 mil pris\u00f5es migrat\u00f3rias por dia, como parte dos esfor\u00e7os de deporta\u00e7\u00e3o em massa do governo. At\u00e9 agora, muitos detidos foram enviados para a Ba\u00eda de Guant\u00e1namo ou deportados para a megapris\u00e3o de El Salvador. O Dep\u00f3sito de Deporta\u00e7\u00e3o foi anunciado em agosto, em meio a preocupa\u00e7\u00f5es sobre o primeiro centro de deten\u00e7\u00e3o, o Alcatraz dos Jacar\u00e9s. O Alcatraz foi alvo de intensas cr\u00edticas pelo tratamento aos imigrantes, que ficam confinados em um calor sufocante, com infesta\u00e7\u00f5es de insetos e refei\u00e7\u00f5es escassas. Membros do Congresso e representantes estaduais que testemunharam as condi\u00e7\u00f5es a exigem o fechamento imediato do centro.<\/p>\n","protected":false},"excerpt":{"rendered":"<p>A Fl\u00f3rida abriu o segundo centro de deten\u00e7\u00e3o de imigrantes, chamado de Dep\u00f3sito de Deporta\u00e7\u00e3o, em meio a uma batalha legal envolvendo a primeira instala\u00e7\u00e3o, o Alcatraz dos Jacar\u00e9s. O centro fica em uma pris\u00e3o estadual temporariamente fechada, a Institui\u00e7\u00e3o Correcional Baker, que abriga 117 detidos e tem capacidade para1.500 pessoas, de acordo com o gabinete do governador Ron DeSantis. O \u201cDep\u00f3sito de Deporta\u00e7\u00e3o\u201d foi inaugurado um dia depois de um tribunal federal de apela\u00e7\u00f5es bloquear temporariamente a ordem de um juiz para fechar o Alcatraz dos Jacar\u00e9s, localizado nas profundezas dos p\u00e2ntanos dos Everglades. A instala\u00e7\u00e3o, envolta em uma [&hellip;]<\/p>\n","protected":false},"author":1,"featured_media":61260,"comment_status":"open","ping_status":"closed","sticky":false,"template":"","format":"standard","meta":{"_links_to":"","_links_to_target":""},"categories":[3,1,10],"tags":[],"views":870,"_links":{"self":[{"href":"https:\/\/www.brazilianpress.com\/v1\/wp-json\/wp\/v2\/posts\/61259"}],"collection":[{"href":"https:\/\/www.brazilianpress.com\/v1\/wp-json\/wp\/v2\/posts"}],"about":[{"href":"https:\/\/www.brazilianpress.com\/v1\/wp-json\/wp\/v2\/types\/post"}],"author":[{"embeddable":true,"href":"https:\/\/www.brazilianpress.com\/v1\/wp-json\/wp\/v2\/users\/1"}],"replies":[{"embeddable":true,"href":"https:\/\/www.brazilianpress.com\/v1\/wp-json\/wp\/v2\/comments?post=61259"}],"version-history":[{"count":1,"href":"https:\/\/www.brazilianpress.com\/v1\/wp-json\/wp\/v2\/posts\/61259\/revisions"}],"predecessor-version":[{"id":61261,"href":"https:\/\/www.brazilianpress.com\/v1\/wp-json\/wp\/v2\/posts\/61259\/revisions\/61261"}],"wp:featuredmedia":[{"embeddable":true,"href":"https:\/\/www.brazilianpress.com\/v1\/wp-json\/wp\/v2\/media\/61260"}],"wp:attachment":[{"href":"https:\/\/www.brazilianpress.com\/v1\/wp-json\/wp\/v2\/media?parent=61259"}],"wp:term":[{"taxonomy":"category","embeddable":true,"href":"https:\/\/www.brazilianpress.com\/v1\/wp-json\/wp\/v2\/categories?post=61259"},{"taxonomy":"post_tag","embeddable":true,"href":"https:\/\/www.brazilianpress.com\/v1\/wp-json\/wp\/v2\/tags?post=61259"}],"curies":[{"name":"wp","href":"https:\/\/api.w.org\/{rel}","templated":true}]}}