{"id":61326,"date":"2025-09-11T18:58:35","date_gmt":"2025-09-11T22:58:35","guid":{"rendered":"https:\/\/www.brazilianpress.com\/v1\/?p=61326"},"modified":"2025-09-11T18:58:35","modified_gmt":"2025-09-11T22:58:35","slug":"sampaoli-e-registrado-pelo-atletico-mg-no-bid-e-aguarda-reforco-de-lyanco-na-estreia","status":"publish","type":"post","link":"https:\/\/www.brazilianpress.com\/v1\/2025\/09\/11\/sampaoli-e-registrado-pelo-atletico-mg-no-bid-e-aguarda-reforco-de-lyanco-na-estreia\/","title":{"rendered":"Sampaoli \u00e9 registrado pelo Atl\u00e9tico-MG no BID e aguarda refor\u00e7o de Lyanco na estreia"},"content":{"rendered":"<p><strong>Jorge Sampaoli comandar\u00e1 o time do\u00a0Atl\u00e9tico-MG\u00a0da beira do gramado no cl\u00e1ssico diante do Cruzeiro. O treinador teve o nome publicado no BID, nesta segunda-feira, e est\u00e1 liberado para o jogo de quinta-feira, \u00e0s 19h30 (de Bras\u00edlia), no Mineir\u00e3o, pelo duelo de volta das quartas de final da Copa do Brasil.<\/strong><\/p>\n<p>A rescis\u00e3o entre Atl\u00e9tico e Cuca tamb\u00e9m foi publicada no BID nesta segunda-feira. Pondo, oficialmente, um ponto final a quarta passagem do comandante pelo Galo.<\/p>\n<p>O treinador argentino trabalha com o elenco desde o dia tr\u00eas de setembro. Logo de cara, mudou a programa\u00e7\u00e3o e intensificou os treinos em dois per\u00edodos &#8211; manh\u00e3 e tarde.<\/p>\n<p>No s\u00e1bado, Sampaoli comandou a primeira atividade na Arena MRV, onde foi apresentado. At\u00e9 o cl\u00e1ssico, ele tem mais dois treinos na Cidade do Galo.<\/p>\n<p>Em sua segunda passagem pelo clube, ser\u00e1 a primeira vez que o treinador disputar\u00e1 um cl\u00e1ssico contra o Cruzeiro. Logo de cara, precisa reverter uma vantagem por dois gols &#8211; constru\u00edda na partida de ida.<\/p>\n<p>Para isso, deve contar com um retorno importante. O zagueiro Lyanco est\u00e1 se recuperando de les\u00e3o e participou do treino com o grupo nesta segunda-feira. Segundo o clube, o atleta est\u00e1 na transi\u00e7\u00e3o. A expectativa do clube \u00e9 de que o camisa quatro esteja no jogo decisivo.<\/p>\n<p>A ideia inicial \u00e9, logo de cara, conseguir dar uma cara ao time com mudan\u00e7as na forma de jogar, conforme explicou Sampaoli.<\/p>\n<p>&#8211; Vamos tentar otimizar todo tempo de capacidade. Quando um chega em time em meio a uma crise, tem que dar um efeito r\u00e1pido. Mudar progressivamente. Chegar a competir da melhor forma. Tamb\u00e9m depende muito da forma dos jogadores. Dirigir os que est\u00e3o melhor para cada compet\u00eancia, recuperar aqueles que tem hist\u00f3ria de excel\u00eancia e hoje est\u00e3o em um momento de baixa.<\/p>\n<p>O Atl\u00e9tico precisa vencer o Cruzeiro por tr\u00eas ou mais gols de vantagem para avan\u00e7ar no tempo normal. Uma vit\u00f3ria atleticana por dois gols leva a decis\u00e3o para os p\u00eanaltis.<\/p>\n","protected":false},"excerpt":{"rendered":"<p>Jorge Sampaoli comandar\u00e1 o time do\u00a0Atl\u00e9tico-MG\u00a0da beira do gramado no cl\u00e1ssico diante do Cruzeiro. O treinador teve o nome publicado no BID, nesta segunda-feira, e est\u00e1 liberado para o jogo de quinta-feira, \u00e0s 19h30 (de Bras\u00edlia), no Mineir\u00e3o, pelo duelo de volta das quartas de final da Copa do Brasil. A rescis\u00e3o entre Atl\u00e9tico e Cuca tamb\u00e9m foi publicada no BID nesta segunda-feira. Pondo, oficialmente, um ponto final a quarta passagem do comandante pelo Galo. O treinador argentino trabalha com o elenco desde o dia tr\u00eas de setembro. Logo de cara, mudou a programa\u00e7\u00e3o e intensificou os treinos em dois [&hellip;]<\/p>\n","protected":false},"author":1,"featured_media":61323,"comment_status":"open","ping_status":"closed","sticky":false,"template":"","format":"standard","meta":{"_links_to":"","_links_to_target":""},"categories":[9,1],"tags":[],"views":919,"_links":{"self":[{"href":"https:\/\/www.brazilianpress.com\/v1\/wp-json\/wp\/v2\/posts\/61326"}],"collection":[{"href":"https:\/\/www.brazilianpress.com\/v1\/wp-json\/wp\/v2\/posts"}],"about":[{"href":"https:\/\/www.brazilianpress.com\/v1\/wp-json\/wp\/v2\/types\/post"}],"author":[{"embeddable":true,"href":"https:\/\/www.brazilianpress.com\/v1\/wp-json\/wp\/v2\/users\/1"}],"replies":[{"embeddable":true,"href":"https:\/\/www.brazilianpress.com\/v1\/wp-json\/wp\/v2\/comments?post=61326"}],"version-history":[{"count":1,"href":"https:\/\/www.brazilianpress.com\/v1\/wp-json\/wp\/v2\/posts\/61326\/revisions"}],"predecessor-version":[{"id":61327,"href":"https:\/\/www.brazilianpress.com\/v1\/wp-json\/wp\/v2\/posts\/61326\/revisions\/61327"}],"wp:featuredmedia":[{"embeddable":true,"href":"https:\/\/www.brazilianpress.com\/v1\/wp-json\/wp\/v2\/media\/61323"}],"wp:attachment":[{"href":"https:\/\/www.brazilianpress.com\/v1\/wp-json\/wp\/v2\/media?parent=61326"}],"wp:term":[{"taxonomy":"category","embeddable":true,"href":"https:\/\/www.brazilianpress.com\/v1\/wp-json\/wp\/v2\/categories?post=61326"},{"taxonomy":"post_tag","embeddable":true,"href":"https:\/\/www.brazilianpress.com\/v1\/wp-json\/wp\/v2\/tags?post=61326"}],"curies":[{"name":"wp","href":"https:\/\/api.w.org\/{rel}","templated":true}]}}