{"id":61370,"date":"2025-09-18T17:01:06","date_gmt":"2025-09-18T21:01:06","guid":{"rendered":"https:\/\/www.brazilianpress.com\/v1\/?p=61370"},"modified":"2025-09-18T17:01:06","modified_gmt":"2025-09-18T21:01:06","slug":"atencao-em-confins-interpol-auxilia-na-prisao-de-4-foragidos-deportados-dos-eua-dois-tem-ligacoes-com-minas-gerais","status":"publish","type":"post","link":"https:\/\/www.brazilianpress.com\/v1\/2025\/09\/18\/atencao-em-confins-interpol-auxilia-na-prisao-de-4-foragidos-deportados-dos-eua-dois-tem-ligacoes-com-minas-gerais\/","title":{"rendered":"Aten\u00e7\u00e3o: Em Confins, Interpol auxilia na pris\u00e3o de 4 foragidos deportados dos EUA. Dois t\u00eam liga\u00e7\u00f5es com Minas Gerais"},"content":{"rendered":"<p><strong>Quatro foragidos da Justi\u00e7a, incluindo dois mineiros com mandados internacionais de pris\u00e3o, foram presos na noite de quarta-feira (17) logo ap\u00f3s desembarcarem em voo de deporta\u00e7\u00e3o proveniente dos Estados Unidos, no Aeroporto Internacional de Belo Horizonte, em Confins. A a\u00e7\u00e3o conjunta entre as autoridades brasileiras e a Interpol resultou na deten\u00e7\u00e3o imediata dos suspeitos, todos com hist\u00f3rico criminal grave e processos em andamento no Brasil.<\/strong><\/p>\n<p>Segundo apurado pelo Brazilian Press, os agentes da Pol\u00edcia Federal j\u00e1 aguardavam o pouso do avi\u00e3o com informa\u00e7\u00f5es precisas sobre os passageiros que chegariam sob cust\u00f3dia migrat\u00f3ria. Entre eles, dois cidad\u00e3os nascidos em Minas Gerais tinham mandados de pris\u00e3o preventiva expedidos por comarcas locais e inclus\u00e3o na Difus\u00e3o Vermelha da Interpol \u2014 o mais alto n\u00edvel de alerta internacional para captura.<\/p>\n<p><img loading=\"lazy\" class=\"alignnone size-full\" src=\"https:\/\/www.gov.br\/pf\/pt-br\/assuntos\/noticias\/2024\/11\/pf-prende-em-confins-mg-procurados-pela-interpol\/whatsapp-image-2024-10-27-at-13-13-54-2.jpeg\/@@images\/faf2b453-9f90-43a1-b918-2c5b61f94fd8.jpeg\" width=\"768\" height=\"442\" \/><\/p>\n<p>O primeiro, um homem de 28 anos, natural de S\u00e3o Jos\u00e9 do Divino, regi\u00e3o do Vale do Rio Doce, \u00e9 acusado de tentativa de homic\u00eddio ocorrida em maio de 2023. De acordo com o inqu\u00e9rito policial, ele teria desferido golpes de faca contra uma v\u00edtima durante um desentendimento, que, apesar dos ferimentos graves, sobreviveu. O caso foi levado \u00e0 Justi\u00e7a pela Vara Criminal de Itambacuri, que solicitou a difus\u00e3o vermelha em agosto de 2024 ap\u00f3s constatar que o suspeito havia deixado o pa\u00eds.<\/p>\n<p>O segundo foragido mineiro, de 33 anos, nasceu em S\u00e3o Gotardo, no Tri\u00e2ngulo Mineiro, e responde por roubo seguido de morte cometido em junho de 2012. As investiga\u00e7\u00f5es indicam que a v\u00edtima, um morador da zona rural do munic\u00edpio, foi brutalmente agredida com socos, chutes e perfura\u00e7\u00f5es de faca durante um assalto. O crime chocou a comunidade local e permaneceu sob investiga\u00e7\u00e3o por anos at\u00e9 que provas t\u00e9cnicas apontassem o envolvimento do suspeito, que posteriormente fugiu para os Estados Unidos.<\/p>\n<p><img loading=\"lazy\" class=\"alignnone size-full\" src=\"https:\/\/www.otempo.com.br\/content\/dam\/otempo\/editorias\/cidades\/2024\/3\/cidades-policia-federal-aeroporto-de-confins-1713332815.jpeg\" width=\"1280\" height=\"853\" \/><\/p>\n<p>Al\u00e9m dos mineiros, tamb\u00e9m foram detidos um homem de 31 anos, natural de S\u00e3o Lu\u00eds (MA), indiciado por m\u00faltiplos crimes violentos em Fortaleza (CE). Ele \u00e9 suspeito de participar de uma s\u00e9rie de ataques em 2015, motivados por retalia\u00e7\u00e3o ao assassinato de um policial militar. Os fatos incluem homic\u00eddio qualificado, tentativa de matar outras pessoas e tortura, com uso de armas brancas e espancamentos.<\/p>\n<p>O quarto detido \u00e9 um estrangeiro de 50 anos, cidad\u00e3o cubano com resid\u00eancia legal no Brasil at\u00e9 sua expuls\u00e3o. Ele \u00e9 investigado por integrar uma organiza\u00e7\u00e3o criminosa especializada em fraudes banc\u00e1rias digitais. Segundo documentos judiciais, o grupo utilizava softwares maliciosos para invadir contas, clonar dados e realizar transfer\u00eancias fraudulentas, causando preju\u00edzos milion\u00e1rios a institui\u00e7\u00f5es e particulares.<\/p>\n<p>Ap\u00f3s a identifica\u00e7\u00e3o no terminal de desembarque, todos os quatro foram encaminhados diretamente \u00e0 sede da Pol\u00edcia Federal em Belo Horizonte. Permanecem custodiados \u00e0 disposi\u00e7\u00e3o da Justi\u00e7a, onde ser\u00e3o formalmente apresentados aos respectivos processos criminais. A coopera\u00e7\u00e3o entre as autoridades norte-americanas e o sistema de seguran\u00e7a brasileiro foi destacada como fator determinante para o sucesso da opera\u00e7\u00e3o.<\/p>\n","protected":false},"excerpt":{"rendered":"<p>Quatro foragidos da Justi\u00e7a, incluindo dois mineiros com mandados internacionais de pris\u00e3o, foram presos na noite de quarta-feira (17) logo ap\u00f3s desembarcarem em voo de deporta\u00e7\u00e3o proveniente dos Estados Unidos, no Aeroporto Internacional de Belo Horizonte, em Confins. A a\u00e7\u00e3o conjunta entre as autoridades brasileiras e a Interpol resultou na deten\u00e7\u00e3o imediata dos suspeitos, todos com hist\u00f3rico criminal grave e processos em andamento no Brasil. Segundo apurado pelo Brazilian Press, os agentes da Pol\u00edcia Federal j\u00e1 aguardavam o pouso do avi\u00e3o com informa\u00e7\u00f5es precisas sobre os passageiros que chegariam sob cust\u00f3dia migrat\u00f3ria. Entre eles, dois cidad\u00e3os nascidos em Minas Gerais [&hellip;]<\/p>\n","protected":false},"author":1,"featured_media":61371,"comment_status":"open","ping_status":"closed","sticky":false,"template":"","format":"standard","meta":{"_links_to":"","_links_to_target":""},"categories":[7,4,3,1],"tags":[],"views":1215,"_links":{"self":[{"href":"https:\/\/www.brazilianpress.com\/v1\/wp-json\/wp\/v2\/posts\/61370"}],"collection":[{"href":"https:\/\/www.brazilianpress.com\/v1\/wp-json\/wp\/v2\/posts"}],"about":[{"href":"https:\/\/www.brazilianpress.com\/v1\/wp-json\/wp\/v2\/types\/post"}],"author":[{"embeddable":true,"href":"https:\/\/www.brazilianpress.com\/v1\/wp-json\/wp\/v2\/users\/1"}],"replies":[{"embeddable":true,"href":"https:\/\/www.brazilianpress.com\/v1\/wp-json\/wp\/v2\/comments?post=61370"}],"version-history":[{"count":1,"href":"https:\/\/www.brazilianpress.com\/v1\/wp-json\/wp\/v2\/posts\/61370\/revisions"}],"predecessor-version":[{"id":61372,"href":"https:\/\/www.brazilianpress.com\/v1\/wp-json\/wp\/v2\/posts\/61370\/revisions\/61372"}],"wp:featuredmedia":[{"embeddable":true,"href":"https:\/\/www.brazilianpress.com\/v1\/wp-json\/wp\/v2\/media\/61371"}],"wp:attachment":[{"href":"https:\/\/www.brazilianpress.com\/v1\/wp-json\/wp\/v2\/media?parent=61370"}],"wp:term":[{"taxonomy":"category","embeddable":true,"href":"https:\/\/www.brazilianpress.com\/v1\/wp-json\/wp\/v2\/categories?post=61370"},{"taxonomy":"post_tag","embeddable":true,"href":"https:\/\/www.brazilianpress.com\/v1\/wp-json\/wp\/v2\/tags?post=61370"}],"curies":[{"name":"wp","href":"https:\/\/api.w.org\/{rel}","templated":true}]}}