{"id":61492,"date":"2025-10-08T17:42:35","date_gmt":"2025-10-08T21:42:35","guid":{"rendered":"https:\/\/www.brazilianpress.com\/v1\/?p=61492"},"modified":"2025-10-08T17:42:35","modified_gmt":"2025-10-08T21:42:35","slug":"a-partir-de-1-de-novembro-havera-mudanca-no-processamento-de-vistos-para-imigrantes","status":"publish","type":"post","link":"https:\/\/www.brazilianpress.com\/v1\/2025\/10\/08\/a-partir-de-1-de-novembro-havera-mudanca-no-processamento-de-vistos-para-imigrantes\/","title":{"rendered":"A partir de 1 de novembro haver\u00e1 mudan\u00e7a no processamento de vistos para imigrantes"},"content":{"rendered":"<p><strong>O Departamento de Estado anunciou que aqueles que solicitam vistos de imigra\u00e7\u00e3o para os Estados Unidos devem realizar entrevistas em seus pa\u00edses de origem.\u00a0A nova modalidade entrar\u00e1 em vigor a partir de 1\u00ba de novembro deste ano.<\/strong><\/p>\n<p>\u201cA partir de 1\u00ba de novembro de 2025, o Centro Nacional de Vistos agendar\u00e1 o processamento do visto de imigrante para os solicitantes em seu pa\u00eds de resid\u00eancia ou em seu pa\u00eds de nacionalidade afirmou o Departamento de Estado em seu site.<\/p>\n<p>\u201cResidentes de pa\u00edses onde as opera\u00e7\u00f5es de visto de rotina est\u00e3o suspensas ou pausadas devem fazer o pedido no posto de processamento de visto de imigrante designado, a menos que o requerente seja cidad\u00e3o de outro pa\u00eds com opera\u00e7\u00f5es em andamento\u201d, acrescenta.<\/p>\n<p>Se um indiv\u00edduo solicitar uma entrevista em um local diferente do distrito consular designado ou do pa\u00eds de nacionalidade, o Centro Nacional de Vistos poder\u00e1 solicitar informa\u00e7\u00f5es adicionais para confirmar se o local \u00e9 o local de resid\u00eancia do solicitante ou para confirmar se uma exce\u00e7\u00e3o pode ser apropriada, explica o Departamento de Estado.<\/p>\n<p>Milhares de candidatos est\u00e3o solicitando vistos para se estabelecer permanentemente nos Estados Unidos, sendo um dos vistos mais procurados o visto para quem se casa com cidad\u00e3os americanos.<\/p>\n","protected":false},"excerpt":{"rendered":"<p>O Departamento de Estado anunciou que aqueles que solicitam vistos de imigra\u00e7\u00e3o para os Estados Unidos devem realizar entrevistas em seus pa\u00edses de origem.\u00a0A nova modalidade entrar\u00e1 em vigor a partir de 1\u00ba de novembro deste ano. \u201cA partir de 1\u00ba de novembro de 2025, o Centro Nacional de Vistos agendar\u00e1 o processamento do visto de imigrante para os solicitantes em seu pa\u00eds de resid\u00eancia ou em seu pa\u00eds de nacionalidade afirmou o Departamento de Estado em seu site. \u201cResidentes de pa\u00edses onde as opera\u00e7\u00f5es de visto de rotina est\u00e3o suspensas ou pausadas devem fazer o pedido no posto de [&hellip;]<\/p>\n","protected":false},"author":1,"featured_media":48923,"comment_status":"open","ping_status":"closed","sticky":false,"template":"","format":"standard","meta":{"_links_to":"","_links_to_target":""},"categories":[4,3,1],"tags":[],"views":690,"_links":{"self":[{"href":"https:\/\/www.brazilianpress.com\/v1\/wp-json\/wp\/v2\/posts\/61492"}],"collection":[{"href":"https:\/\/www.brazilianpress.com\/v1\/wp-json\/wp\/v2\/posts"}],"about":[{"href":"https:\/\/www.brazilianpress.com\/v1\/wp-json\/wp\/v2\/types\/post"}],"author":[{"embeddable":true,"href":"https:\/\/www.brazilianpress.com\/v1\/wp-json\/wp\/v2\/users\/1"}],"replies":[{"embeddable":true,"href":"https:\/\/www.brazilianpress.com\/v1\/wp-json\/wp\/v2\/comments?post=61492"}],"version-history":[{"count":1,"href":"https:\/\/www.brazilianpress.com\/v1\/wp-json\/wp\/v2\/posts\/61492\/revisions"}],"predecessor-version":[{"id":61493,"href":"https:\/\/www.brazilianpress.com\/v1\/wp-json\/wp\/v2\/posts\/61492\/revisions\/61493"}],"wp:featuredmedia":[{"embeddable":true,"href":"https:\/\/www.brazilianpress.com\/v1\/wp-json\/wp\/v2\/media\/48923"}],"wp:attachment":[{"href":"https:\/\/www.brazilianpress.com\/v1\/wp-json\/wp\/v2\/media?parent=61492"}],"wp:term":[{"taxonomy":"category","embeddable":true,"href":"https:\/\/www.brazilianpress.com\/v1\/wp-json\/wp\/v2\/categories?post=61492"},{"taxonomy":"post_tag","embeddable":true,"href":"https:\/\/www.brazilianpress.com\/v1\/wp-json\/wp\/v2\/tags?post=61492"}],"curies":[{"name":"wp","href":"https:\/\/api.w.org\/{rel}","templated":true}]}}