{"id":61494,"date":"2025-10-08T17:45:02","date_gmt":"2025-10-08T21:45:02","guid":{"rendered":"https:\/\/www.brazilianpress.com\/v1\/?p=61494"},"modified":"2025-10-08T17:45:02","modified_gmt":"2025-10-08T21:45:02","slug":"brasileiros-da-flotilha-global-sumud-sao-libertados-na-jordania","status":"publish","type":"post","link":"https:\/\/www.brazilianpress.com\/v1\/2025\/10\/08\/brasileiros-da-flotilha-global-sumud-sao-libertados-na-jordania\/","title":{"rendered":"Brasileiros da Flotilha Global Sumud s\u00e3o libertados na Jord\u00e2nia"},"content":{"rendered":"<p><strong>O Minist\u00e9rio das Rela\u00e7\u00f5es Exteriores (MRE) confirmou na manh\u00e3 desta ter\u00e7a-feira (7), em Bras\u00edlia, que os 13 brasileiros (foto) que integravam a Flotilha\u00a0Global Sumud, entre eles a deputada federal Luizianne Lins (PT-CE), foram conduzidos at\u00e9 a fronteira com a Jord\u00e2nia e est\u00e3o livres das autoridades israelenses. A libera\u00e7\u00e3o ocorre exatamente no dia em que completam dois anos do in\u00edcio da escalada de viol\u00eancia na guerra em Gaza.<\/strong><\/p>\n<p>\u201cDiplomatas das embaixadas em Tel Aviv e em Am\u00e3 receberam os ativistas que est\u00e3o, nesse momento, sendo transportados para a capital jordaniana em ve\u00edculo providenciado pela embaixada brasileira naquele pa\u00eds\u201d, informou &#8211; por meio de nota &#8211; o Itamaraty.<\/p>\n<p>Al\u00e9m da deputada, integram o grupo Thiago \u00c1vila, Bruno Gilga, Lisiane Proen\u00e7a, Magno Costa, a vereadora Mariana Conti, Ariadne Telles, Mansur Peixoto, Gabriele Tolotti, Mohamad El Kadri, Lucas Gusm\u00e3o, Jo\u00e3o Aguiar e Miguel Castro.<\/p>\n<p>Segundo o Movimento Global \u00e0 Gaza, a informa\u00e7\u00e3o da libera\u00e7\u00e3o dos ativistas foi repassada ao Centro Jur\u00eddico para os Direitos das Minorias \u00c1rabes em Israel (Adalah, justi\u00e7a em \u00e1rabe), ainda na noite de segunda-feira (6), quando foi avisado que todos os remanescentes da flotilha deixariam a pris\u00e3o de Kesdiot, no deserto de Negev, instala\u00e7\u00e3o localizada entre Gaza e o Egito.<\/p>\n<p><strong>Sem comunica\u00e7\u00e3o<\/strong><\/p>\n<p>De acordo com o informe, os ativistas foram transportados pela Ponte Allenby\/Rei Hussein pelas autoridades israelenses at\u00e9 a fronteira, sem direito a comunica\u00e7\u00e3o ou intera\u00e7\u00e3o da diplomacia internacional. A assist\u00eancia s\u00f3 pode ser dada ap\u00f3s a chegada no pa\u00eds vizinho.<\/p>\n<p>A delega\u00e7\u00e3o brasileira da Flotilha\u00a0Global Sumud\u00a0foi capturada pelas autoridades israelenses desde o in\u00edcio do m\u00eas de outubro, quando tentava romper o cerco a Gaza transportando ajuda humanit\u00e1ria em 50 embarca\u00e7\u00f5es.<\/p>\n<p>A intercepta\u00e7\u00e3o em \u00e1guas internacionais foi considerada ilegal e arbitraria pelo MRE, que chegou a notificar formalmente o governo de Israel por meio da Embaixada do Brasil em Tel Aviv e da Embaixada de Israel em Bras\u00edlia.\u00ad\u00ad<\/p>\n","protected":false},"excerpt":{"rendered":"<p>O Minist\u00e9rio das Rela\u00e7\u00f5es Exteriores (MRE) confirmou na manh\u00e3 desta ter\u00e7a-feira (7), em Bras\u00edlia, que os 13 brasileiros (foto) que integravam a Flotilha\u00a0Global Sumud, entre eles a deputada federal Luizianne Lins (PT-CE), foram conduzidos at\u00e9 a fronteira com a Jord\u00e2nia e est\u00e3o livres das autoridades israelenses. A libera\u00e7\u00e3o ocorre exatamente no dia em que completam dois anos do in\u00edcio da escalada de viol\u00eancia na guerra em Gaza. \u201cDiplomatas das embaixadas em Tel Aviv e em Am\u00e3 receberam os ativistas que est\u00e3o, nesse momento, sendo transportados para a capital jordaniana em ve\u00edculo providenciado pela embaixada brasileira naquele pa\u00eds\u201d, informou &#8211; por [&hellip;]<\/p>\n","protected":false},"author":1,"featured_media":61495,"comment_status":"open","ping_status":"closed","sticky":false,"template":"","format":"standard","meta":{"_links_to":"","_links_to_target":""},"categories":[3,8,1],"tags":[],"views":963,"_links":{"self":[{"href":"https:\/\/www.brazilianpress.com\/v1\/wp-json\/wp\/v2\/posts\/61494"}],"collection":[{"href":"https:\/\/www.brazilianpress.com\/v1\/wp-json\/wp\/v2\/posts"}],"about":[{"href":"https:\/\/www.brazilianpress.com\/v1\/wp-json\/wp\/v2\/types\/post"}],"author":[{"embeddable":true,"href":"https:\/\/www.brazilianpress.com\/v1\/wp-json\/wp\/v2\/users\/1"}],"replies":[{"embeddable":true,"href":"https:\/\/www.brazilianpress.com\/v1\/wp-json\/wp\/v2\/comments?post=61494"}],"version-history":[{"count":1,"href":"https:\/\/www.brazilianpress.com\/v1\/wp-json\/wp\/v2\/posts\/61494\/revisions"}],"predecessor-version":[{"id":61496,"href":"https:\/\/www.brazilianpress.com\/v1\/wp-json\/wp\/v2\/posts\/61494\/revisions\/61496"}],"wp:featuredmedia":[{"embeddable":true,"href":"https:\/\/www.brazilianpress.com\/v1\/wp-json\/wp\/v2\/media\/61495"}],"wp:attachment":[{"href":"https:\/\/www.brazilianpress.com\/v1\/wp-json\/wp\/v2\/media?parent=61494"}],"wp:term":[{"taxonomy":"category","embeddable":true,"href":"https:\/\/www.brazilianpress.com\/v1\/wp-json\/wp\/v2\/categories?post=61494"},{"taxonomy":"post_tag","embeddable":true,"href":"https:\/\/www.brazilianpress.com\/v1\/wp-json\/wp\/v2\/tags?post=61494"}],"curies":[{"name":"wp","href":"https:\/\/api.w.org\/{rel}","templated":true}]}}