{"id":61502,"date":"2025-10-09T21:21:13","date_gmt":"2025-10-10T01:21:13","guid":{"rendered":"https:\/\/www.brazilianpress.com\/v1\/?p=61502"},"modified":"2025-10-09T21:38:13","modified_gmt":"2025-10-10T01:38:13","slug":"gabigol-explica-declaracao-sobre-futuro-no-cruzeiro-e-reforca-vou-conversar-com-clube-e-tecnico","status":"publish","type":"post","link":"https:\/\/www.brazilianpress.com\/v1\/2025\/10\/09\/gabigol-explica-declaracao-sobre-futuro-no-cruzeiro-e-reforca-vou-conversar-com-clube-e-tecnico\/","title":{"rendered":"Gabigol explica declara\u00e7\u00e3o sobre futuro no Cruzeiro e refor\u00e7a: &#8220;Vou conversar com clube e t\u00e9cnico&#8221;"},"content":{"rendered":"<p><strong>Autor do gol que garantiu o empate do\u00a0Cruzeiro\u00a0contra o Sport, nesse domingo, Gabigol explicou a declara\u00e7\u00e3o dada ap\u00f3s o jogo contra o Bahia.\u00a0&#8220;Em dezembro a gente volta a conversar&#8221;, disse, gerando d\u00favida sobre a perman\u00eancia na Toca para 2026\u00a0(assista no v\u00eddeo abaixo). O atacante tratou a situa\u00e7\u00e3o como natural, mas refor\u00e7ou que ter\u00e1 di\u00e1logo com diretoria e comiss\u00e3o t\u00e9cnica sobre o futuro.<\/strong><\/p>\n<p>&#8211; \u00c9 claro que haver\u00e1 essa conversa em dezembro. Sempre procuro ter mais minutos. Se forem ver os meus n\u00fameros dentro de campo, s\u00e3o n\u00fameros expressivos.<\/p>\n<p>&#8220;Tenho buscado meu espa\u00e7o, claro que \u00e0s vezes n\u00e3o tenho tido esses minutos. Em dezembro a gente vai conversar com o clube, com o treinador, como a gente sempre faz.&#8221;<\/p>\n<p>Contratado para a atual temporada como o principal refor\u00e7o, Gabigol perdeu a condi\u00e7\u00e3o de titular no in\u00edcio do Brasileiro, quando Leonardo Jardim promoveu a entrada de Kaio Jorge. Gabi \u00e9 o vice-artilheiro do time no ano, com 13 gols, al\u00e9m de ter contribu\u00eddo com quatro assist\u00eancias, e avaliou o rendimento pessoal.<\/p>\n<p>&#8211; Eu acho que sim (vive bom momento), \u00e9 s\u00f3 ver os n\u00fameros, os gols, as assist\u00eancias. Poucos atacantes que jogam como titular t\u00eam 13 gols no ano. Continuo buscando meu espa\u00e7o e buscando minutos.<\/p>\n<p>&#8220;A\u00ed voc\u00ea pergunta pro Jardim&#8221; (risos)- respondeu Gabigol ao ser perguntado se merece mais minutos em campo<\/p>\n<p>Declara\u00e7\u00e3o em Salvador<br \/>\nA declara\u00e7\u00e3o que causou d\u00favida no torcedor aconteceu no dia 15 de setembro, ap\u00f3s o jogo contra o Bahia. Na ocasi\u00e3o, Gabigol saiu do banco de reservas no segundo tempo e marcou um belo gol para garantir a vit\u00f3ria do Cruzeiro, por 2 a 1, de virada.<\/p>\n<p>&#8211; A gente vem trabalhando bastante, buscando minutos. Claro que todo mundo quer jogar. Sempre um pouco dif\u00edcil. Mas, trabalhando, vamos conseguir mais minutos e ajudar o time. A gente tem rela\u00e7\u00e3o incr\u00edvel (com Leonardo Jardim). Eu tiro muitas d\u00favidas com ele da quest\u00e3o do staff.<\/p>\n<p>&#8220;A gente conversa bastante, eu busco minutos. Ele sabe disso. A gente tem uma rela\u00e7\u00e3o incr\u00edvel. Cruzeiro tem vivido um ano maravilhoso. Em dezembro, a gente vai voltar a conversar&#8221;<\/p>\n","protected":false},"excerpt":{"rendered":"<p>Autor do gol que garantiu o empate do\u00a0Cruzeiro\u00a0contra o Sport, nesse domingo, Gabigol explicou a declara\u00e7\u00e3o dada ap\u00f3s o jogo contra o Bahia.\u00a0&#8220;Em dezembro a gente volta a conversar&#8221;, disse, gerando d\u00favida sobre a perman\u00eancia na Toca para 2026\u00a0(assista no v\u00eddeo abaixo). O atacante tratou a situa\u00e7\u00e3o como natural, mas refor\u00e7ou que ter\u00e1 di\u00e1logo com diretoria e comiss\u00e3o t\u00e9cnica sobre o futuro. &#8211; \u00c9 claro que haver\u00e1 essa conversa em dezembro. Sempre procuro ter mais minutos. Se forem ver os meus n\u00fameros dentro de campo, s\u00e3o n\u00fameros expressivos. &#8220;Tenho buscado meu espa\u00e7o, claro que \u00e0s vezes n\u00e3o tenho tido esses [&hellip;]<\/p>\n","protected":false},"author":1,"featured_media":61503,"comment_status":"open","ping_status":"closed","sticky":false,"template":"","format":"standard","meta":{"_links_to":"","_links_to_target":""},"categories":[9,1],"tags":[],"views":835,"_links":{"self":[{"href":"https:\/\/www.brazilianpress.com\/v1\/wp-json\/wp\/v2\/posts\/61502"}],"collection":[{"href":"https:\/\/www.brazilianpress.com\/v1\/wp-json\/wp\/v2\/posts"}],"about":[{"href":"https:\/\/www.brazilianpress.com\/v1\/wp-json\/wp\/v2\/types\/post"}],"author":[{"embeddable":true,"href":"https:\/\/www.brazilianpress.com\/v1\/wp-json\/wp\/v2\/users\/1"}],"replies":[{"embeddable":true,"href":"https:\/\/www.brazilianpress.com\/v1\/wp-json\/wp\/v2\/comments?post=61502"}],"version-history":[{"count":1,"href":"https:\/\/www.brazilianpress.com\/v1\/wp-json\/wp\/v2\/posts\/61502\/revisions"}],"predecessor-version":[{"id":61504,"href":"https:\/\/www.brazilianpress.com\/v1\/wp-json\/wp\/v2\/posts\/61502\/revisions\/61504"}],"wp:featuredmedia":[{"embeddable":true,"href":"https:\/\/www.brazilianpress.com\/v1\/wp-json\/wp\/v2\/media\/61503"}],"wp:attachment":[{"href":"https:\/\/www.brazilianpress.com\/v1\/wp-json\/wp\/v2\/media?parent=61502"}],"wp:term":[{"taxonomy":"category","embeddable":true,"href":"https:\/\/www.brazilianpress.com\/v1\/wp-json\/wp\/v2\/categories?post=61502"},{"taxonomy":"post_tag","embeddable":true,"href":"https:\/\/www.brazilianpress.com\/v1\/wp-json\/wp\/v2\/tags?post=61502"}],"curies":[{"name":"wp","href":"https:\/\/api.w.org\/{rel}","templated":true}]}}