{"id":61508,"date":"2025-10-09T21:37:33","date_gmt":"2025-10-10T01:37:33","guid":{"rendered":"https:\/\/www.brazilianpress.com\/v1\/?p=61508"},"modified":"2025-10-09T21:37:33","modified_gmt":"2025-10-10T01:37:33","slug":"principais-pontos-da-conversa-entre-lula-e-trump-na-manha-de-segunda-feira","status":"publish","type":"post","link":"https:\/\/www.brazilianpress.com\/v1\/2025\/10\/09\/principais-pontos-da-conversa-entre-lula-e-trump-na-manha-de-segunda-feira\/","title":{"rendered":"Principais pontos da conversa entre Lula e Trump na manh\u00e3 de segunda-feira"},"content":{"rendered":"<p><strong>Ap\u00f3s meses de tentativas do governo brasileiro para negociar a tarifa de 50% imposta pelos Estados Unidos aos produtos brasileiros, o presidente Luiz In\u00e1cio Lula da Silva (PT) e o presidente norte-americano, Donald Trump, conversaram na segunda-feira (6) por telefone, em &#8220;tom amistoso&#8221;, para tratar das imposi\u00e7\u00f5es, segundo o Pal\u00e1cio do Planalto.<\/strong><\/p>\n<p>Em nota divulgada ap\u00f3s a conversa, o Pal\u00e1cio do Planalto refor\u00e7ou que os l\u00edderes mundiais tiveram uma &#8220;boa qu\u00edmica em New York&#8221; e ambos &#8220;reiteraram a impress\u00e3o positiva daquele encontro&#8221;.<\/p>\n<p>Em uma conversa de 30 minutos, Lula e Trump concordaram em se encontrar pessoalmente &#8220;em breve&#8221;. Eles j\u00e1 haviam se reunido por alguns instantes na 80\u00aa Assembleia Geral das Na\u00e7\u00f5es Unidas, que ocorreu em New York, no dia 23 de setembro.<\/p>\n<p>Hoje, o chefe do Executivo brasileiro sugeriu que a reuni\u00e3o com Trump seja realizado na C\u00fapula da Asean, na Mal\u00e1sia. O mandat\u00e1rio tamb\u00e9m reiterou convite ao americano para participar da COP30, que acontece em Bel\u00e9m, no Par\u00e1, entre os dias 10 e 21 de novembro, e se disp\u00f4s a viajar aos Estados Unidos.<\/p>\n<p>Nesta primeira conversa oficial dos l\u00edderes para tratar das tarifas,\u00a0Lula pediu a retirada da sobretaxa de 40% aos produtos brasileiros, bem como das medidas restritivas a autoridades brasileiras.<\/p>\n<p>No dia 6 de agosto, os EUA aplicaram tarifa de 50% a alguns produtos brasileiros e justificaram que uma das raz\u00f5es era o julgamento do ex-presidente Jair Bolsonaro (PL) no STF.<\/p>\n<p>Al\u00e9m disso, o governo norte-americano tamb\u00e9m imp\u00f4s san\u00e7\u00f5es individuais e aos familiares dos ministros da Corte, como a suspens\u00e3o de vistos americanos e a imposi\u00e7\u00e3o da Lei Magnistky, que permite san\u00e7\u00f5es econ\u00f4micas a acusados de corrup\u00e7\u00e3o ou graves viola\u00e7\u00f5es de direitos humanos.<\/p>\n<p>Ainda segundo o Planalto, Trump designou o secret\u00e1rio de Estado Marco Rubio para dar sequ\u00eancia \u00e0s negocia\u00e7\u00f5es com o vice-presidente Geraldo Alckmin, o chanceler Mauro Vieira e o ministro da Fazenda, Fernando Haddad.<\/p>\n","protected":false},"excerpt":{"rendered":"<p>Ap\u00f3s meses de tentativas do governo brasileiro para negociar a tarifa de 50% imposta pelos Estados Unidos aos produtos brasileiros, o presidente Luiz In\u00e1cio Lula da Silva (PT) e o presidente norte-americano, Donald Trump, conversaram na segunda-feira (6) por telefone, em &#8220;tom amistoso&#8221;, para tratar das imposi\u00e7\u00f5es, segundo o Pal\u00e1cio do Planalto. Em nota divulgada ap\u00f3s a conversa, o Pal\u00e1cio do Planalto refor\u00e7ou que os l\u00edderes mundiais tiveram uma &#8220;boa qu\u00edmica em New York&#8221; e ambos &#8220;reiteraram a impress\u00e3o positiva daquele encontro&#8221;. Em uma conversa de 30 minutos, Lula e Trump concordaram em se encontrar pessoalmente &#8220;em breve&#8221;. Eles j\u00e1 [&hellip;]<\/p>\n","protected":false},"author":1,"featured_media":61509,"comment_status":"open","ping_status":"closed","sticky":false,"template":"","format":"standard","meta":{"_links_to":"","_links_to_target":""},"categories":[7,3,1],"tags":[],"views":990,"_links":{"self":[{"href":"https:\/\/www.brazilianpress.com\/v1\/wp-json\/wp\/v2\/posts\/61508"}],"collection":[{"href":"https:\/\/www.brazilianpress.com\/v1\/wp-json\/wp\/v2\/posts"}],"about":[{"href":"https:\/\/www.brazilianpress.com\/v1\/wp-json\/wp\/v2\/types\/post"}],"author":[{"embeddable":true,"href":"https:\/\/www.brazilianpress.com\/v1\/wp-json\/wp\/v2\/users\/1"}],"replies":[{"embeddable":true,"href":"https:\/\/www.brazilianpress.com\/v1\/wp-json\/wp\/v2\/comments?post=61508"}],"version-history":[{"count":1,"href":"https:\/\/www.brazilianpress.com\/v1\/wp-json\/wp\/v2\/posts\/61508\/revisions"}],"predecessor-version":[{"id":61510,"href":"https:\/\/www.brazilianpress.com\/v1\/wp-json\/wp\/v2\/posts\/61508\/revisions\/61510"}],"wp:featuredmedia":[{"embeddable":true,"href":"https:\/\/www.brazilianpress.com\/v1\/wp-json\/wp\/v2\/media\/61509"}],"wp:attachment":[{"href":"https:\/\/www.brazilianpress.com\/v1\/wp-json\/wp\/v2\/media?parent=61508"}],"wp:term":[{"taxonomy":"category","embeddable":true,"href":"https:\/\/www.brazilianpress.com\/v1\/wp-json\/wp\/v2\/categories?post=61508"},{"taxonomy":"post_tag","embeddable":true,"href":"https:\/\/www.brazilianpress.com\/v1\/wp-json\/wp\/v2\/tags?post=61508"}],"curies":[{"name":"wp","href":"https:\/\/api.w.org\/{rel}","templated":true}]}}