{"id":61560,"date":"2025-10-20T17:33:19","date_gmt":"2025-10-20T21:33:19","guid":{"rendered":"https:\/\/www.brazilianpress.com\/v1\/?p=61560"},"modified":"2025-10-20T17:33:19","modified_gmt":"2025-10-20T21:33:19","slug":"marido-diz-que-cineasta-brasileira-presa-pela-imigracao-dos-eua-foi-liberada","status":"publish","type":"post","link":"https:\/\/www.brazilianpress.com\/v1\/2025\/10\/20\/marido-diz-que-cineasta-brasileira-presa-pela-imigracao-dos-eua-foi-liberada\/","title":{"rendered":"Marido diz que cineasta brasileira presa pela imigra\u00e7\u00e3o dos EUA foi liberada"},"content":{"rendered":"<p><strong>O marido da cineasta brasileira B\u00e1rbara Marques anunciou que ela foi libertada na noite de quinta-feira (16). A informa\u00e7\u00e3o foi dada em uma mensagem postada nas redes sociais. <\/strong><\/p>\n<p>A brasileira estava presa pela imigra\u00e7\u00e3o dos Estados Unidos desde o dia 18 de setembro deste ano\u00a0quando ela foi detida ap\u00f3s uma entrevista no escrit\u00f3rio do Servi\u00e7o de Cidadania e Imigra\u00e7\u00e3o, no centro de Los Angeles, na Calif\u00f3rnia.<\/p>\n<p>\u201cEstou muito feliz em dizer que B\u00e1rbara est\u00e1 de volta para casa! Agradecemos a todos que nos ofereceram palavras gentis, nos mantiveram em seus pensamentos ou nos ajudaram com nossas campanhas telef\u00f4nicas para garantir que tiv\u00e9ssemos o devido processo legal que todos merecem\u201d, afirmou Tucker May. Barbara \u00e9 de Vit\u00f3ria, no Esp\u00edrito Santo. Ela se formou em cinema pela Universidade Est\u00e1cio de S\u00e1, no Rio de Janeiro, e atuou como atriz e produtora antes de dirigir seu primeiro filme, Dias de Cosme e Dami\u00e3o, em 2016. Ela tamb\u00e9m assina a dire\u00e7\u00e3o de Cartaxo (2020) e PRETAS (2021).<\/p>\n","protected":false},"excerpt":{"rendered":"<p>O marido da cineasta brasileira B\u00e1rbara Marques anunciou que ela foi libertada na noite de quinta-feira (16). A informa\u00e7\u00e3o foi dada em uma mensagem postada nas redes sociais. A brasileira estava presa pela imigra\u00e7\u00e3o dos Estados Unidos desde o dia 18 de setembro deste ano\u00a0quando ela foi detida ap\u00f3s uma entrevista no escrit\u00f3rio do Servi\u00e7o de Cidadania e Imigra\u00e7\u00e3o, no centro de Los Angeles, na Calif\u00f3rnia. \u201cEstou muito feliz em dizer que B\u00e1rbara est\u00e1 de volta para casa! Agradecemos a todos que nos ofereceram palavras gentis, nos mantiveram em seus pensamentos ou nos ajudaram com nossas campanhas telef\u00f4nicas para garantir [&hellip;]<\/p>\n","protected":false},"author":1,"featured_media":61561,"comment_status":"open","ping_status":"closed","sticky":false,"template":"","format":"standard","meta":{"_links_to":"","_links_to_target":""},"categories":[4,3,1],"tags":[],"views":759,"_links":{"self":[{"href":"https:\/\/www.brazilianpress.com\/v1\/wp-json\/wp\/v2\/posts\/61560"}],"collection":[{"href":"https:\/\/www.brazilianpress.com\/v1\/wp-json\/wp\/v2\/posts"}],"about":[{"href":"https:\/\/www.brazilianpress.com\/v1\/wp-json\/wp\/v2\/types\/post"}],"author":[{"embeddable":true,"href":"https:\/\/www.brazilianpress.com\/v1\/wp-json\/wp\/v2\/users\/1"}],"replies":[{"embeddable":true,"href":"https:\/\/www.brazilianpress.com\/v1\/wp-json\/wp\/v2\/comments?post=61560"}],"version-history":[{"count":1,"href":"https:\/\/www.brazilianpress.com\/v1\/wp-json\/wp\/v2\/posts\/61560\/revisions"}],"predecessor-version":[{"id":61562,"href":"https:\/\/www.brazilianpress.com\/v1\/wp-json\/wp\/v2\/posts\/61560\/revisions\/61562"}],"wp:featuredmedia":[{"embeddable":true,"href":"https:\/\/www.brazilianpress.com\/v1\/wp-json\/wp\/v2\/media\/61561"}],"wp:attachment":[{"href":"https:\/\/www.brazilianpress.com\/v1\/wp-json\/wp\/v2\/media?parent=61560"}],"wp:term":[{"taxonomy":"category","embeddable":true,"href":"https:\/\/www.brazilianpress.com\/v1\/wp-json\/wp\/v2\/categories?post=61560"},{"taxonomy":"post_tag","embeddable":true,"href":"https:\/\/www.brazilianpress.com\/v1\/wp-json\/wp\/v2\/tags?post=61560"}],"curies":[{"name":"wp","href":"https:\/\/api.w.org\/{rel}","templated":true}]}}