{"id":61586,"date":"2025-10-26T15:05:48","date_gmt":"2025-10-26T19:05:48","guid":{"rendered":"https:\/\/www.brazilianpress.com\/v1\/?p=61586"},"modified":"2025-10-26T15:06:22","modified_gmt":"2025-10-26T19:06:22","slug":"brasileiro-recem-deportado-dos-eua-e-encontrado-apos-fuga-de-unidade-de-saude-em-belo-horizonte-mg","status":"publish","type":"post","link":"https:\/\/www.brazilianpress.com\/v1\/2025\/10\/26\/brasileiro-recem-deportado-dos-eua-e-encontrado-apos-fuga-de-unidade-de-saude-em-belo-horizonte-mg\/","title":{"rendered":"Brasileiro rec\u00e9m deportado dos EUA \u00e9 encontrado ap\u00f3s fuga de unidade de sa\u00fade em Belo Horizonte-MG"},"content":{"rendered":"<p><strong>O brasileiro Iago Queiroz Costa, de 32 anos, desaparecido desde a madrugada de s\u00e1bado (25) ap\u00f3s fugir de uma Unidade de Pronto Atendimento (UPA) em Vespasiano, na Regi\u00e3o Metropolitana de Belo Horizonte, foi localizado por volta das 7h45 deste domingo (26) na Esta\u00e7\u00e3o Pampulha, em Belo Horizonte. A informa\u00e7\u00e3o foi confirmada pelo Minist\u00e9rio dos Direitos Humanos e da Cidadania (MDHC), que coordena o atendimento a deportados no pa\u00eds.<\/strong><\/p>\n<p>Segundo apurado pelo Brazilian Press, Iago, que havia sido deportado dos Estados Unidos ap\u00f3s 75 dias detido em pris\u00f5es norte-americanas \u2014 incluindo uma unidade com hist\u00f3rico de den\u00fancias de viola\u00e7\u00f5es de direitos humanos \u2014, desembarcou no Aeroporto Internacional de Confins na \u00faltima quarta-feira (22). Logo ap\u00f3s a chegada, apresentava sinais de surto psic\u00f3tico e del\u00edrios, segundo relato do pr\u00f3prio minist\u00e9rio, mas foi considerado sem risco imediato \u00e0 pr\u00f3pria integridade ou \u00e0 de terceiros.<\/p>\n<p><img src=\"https:\/\/i.imgur.com\/Wcb0TYf.jpeg\" \/><\/p>\n<p>Na quinta-feira (23), diante da necessidade de estabiliza\u00e7\u00e3o cl\u00ednica, foi encaminhado \u00e0 UPA de Vespasiano. No entanto, na madrugada de s\u00e1bado, deixou o local sem autoriza\u00e7\u00e3o m\u00e9dica. O MDHC afirmou ter tomado conhecimento da fuga apenas \u00e0s 12h20 do mesmo dia, quando acionou a Pol\u00edcia Civil para priorizar as buscas.<\/p>\n<p>O desfecho do caso veio quando Iago, ainda na manh\u00e3 de domingo, pediu um telefone emprestado no terminal da Esta\u00e7\u00e3o Pampulha e ligou para o pr\u00f3prio irm\u00e3o, informando sua localiza\u00e7\u00e3o e solicitando que fosse buscado. A fam\u00edlia, ent\u00e3o, entrou em contato com as autoridades, que enviaram uma equipe ao local. Ele foi levado diretamente a um hospital para nova avalia\u00e7\u00e3o m\u00e9dica.<\/p>\n<p><img src=\"https:\/\/admin.cnnbrasil.com.br\/wp-content\/uploads\/sites\/12\/2025\/10\/571111856_25210893081837489_7513205646684124587_n.jpg?w=1200&amp;h=900&amp;crop=1\" alt=\"Brasileiro deportado dos EUA desaparece ap\u00f3s fugir de UPA em Minas Gerais | CNN Brasil\" \/><\/p>\n<p>Apesar da vers\u00e3o oficial de que Iago teria se recusado a fornecer contatos familiares \u2014 tanto no aeroporto quanto na UPA \u2014, seus parentes contestam essa narrativa. Em entrevista ao Brazilian Press, uma tia do deportado afirmou que a fam\u00edlia n\u00e3o foi avisada sobre o estado de sa\u00fade dele nem sobre sua interna\u00e7\u00e3o, apesar de terem alertado previamente sobre sua condi\u00e7\u00e3o mental fragilizada.<\/p>\n<p>\u201cReconhecemos que o programa do MDHC \u00e9 essencial para quem chega deportado. S\u00f3 quem sabe o que est\u00e1 passando, a ang\u00fastia da deporta\u00e7\u00e3o e a falta de informa\u00e7\u00e3o, \u00e9 a fam\u00edlia. No caso do Iago, erraram. Ele chegou em surto, 75 dias preso, passou por cinco pris\u00f5es, uma delas com alto \u00edndice de den\u00fancias de viola\u00e7\u00e3o dos direitos humanos. E ele ficou exposto e fragilizado\u201d, disse.\u00a0O MDHC refor\u00e7ou, em nota, que \u201co contato com a fam\u00edlia somente \u00e9 feito com o consentimento expl\u00edcito da pessoa, salvo em casos de prote\u00e7\u00e3o da vida ou integridade f\u00edsica de terceiros\u201d. Contudo, a fam\u00edlia insiste que a omiss\u00e3o no repasse de informa\u00e7\u00f5es agravou a crise enfrentada por Iago, cuja sa\u00fade mental j\u00e1 estava comprometida antes mesmo do retorno ao Brasil. O caso reacende o debate sobre os protocolos de acolhimento a deportados com transtornos psiqui\u00e1tricos e a necessidade de maior integra\u00e7\u00e3o entre \u00f3rg\u00e3os federais, equipes de sa\u00fade e familiares nesses momentos cr\u00edticos de reintegra\u00e7\u00e3o.<\/p>\n","protected":false},"excerpt":{"rendered":"<p>O brasileiro Iago Queiroz Costa, de 32 anos, desaparecido desde a madrugada de s\u00e1bado (25) ap\u00f3s fugir de uma Unidade de Pronto Atendimento (UPA) em Vespasiano, na Regi\u00e3o Metropolitana de Belo Horizonte, foi localizado por volta das 7h45 deste domingo (26) na Esta\u00e7\u00e3o Pampulha, em Belo Horizonte. A informa\u00e7\u00e3o foi confirmada pelo Minist\u00e9rio dos Direitos Humanos e da Cidadania (MDHC), que coordena o atendimento a deportados no pa\u00eds. Segundo apurado pelo Brazilian Press, Iago, que havia sido deportado dos Estados Unidos ap\u00f3s 75 dias detido em pris\u00f5es norte-americanas \u2014 incluindo uma unidade com hist\u00f3rico de den\u00fancias de viola\u00e7\u00f5es de direitos [&hellip;]<\/p>\n","protected":false},"author":1,"featured_media":61588,"comment_status":"open","ping_status":"closed","sticky":false,"template":"","format":"standard","meta":{"_links_to":"","_links_to_target":""},"categories":[7,3,1],"tags":[],"views":1304,"_links":{"self":[{"href":"https:\/\/www.brazilianpress.com\/v1\/wp-json\/wp\/v2\/posts\/61586"}],"collection":[{"href":"https:\/\/www.brazilianpress.com\/v1\/wp-json\/wp\/v2\/posts"}],"about":[{"href":"https:\/\/www.brazilianpress.com\/v1\/wp-json\/wp\/v2\/types\/post"}],"author":[{"embeddable":true,"href":"https:\/\/www.brazilianpress.com\/v1\/wp-json\/wp\/v2\/users\/1"}],"replies":[{"embeddable":true,"href":"https:\/\/www.brazilianpress.com\/v1\/wp-json\/wp\/v2\/comments?post=61586"}],"version-history":[{"count":2,"href":"https:\/\/www.brazilianpress.com\/v1\/wp-json\/wp\/v2\/posts\/61586\/revisions"}],"predecessor-version":[{"id":61590,"href":"https:\/\/www.brazilianpress.com\/v1\/wp-json\/wp\/v2\/posts\/61586\/revisions\/61590"}],"wp:featuredmedia":[{"embeddable":true,"href":"https:\/\/www.brazilianpress.com\/v1\/wp-json\/wp\/v2\/media\/61588"}],"wp:attachment":[{"href":"https:\/\/www.brazilianpress.com\/v1\/wp-json\/wp\/v2\/media?parent=61586"}],"wp:term":[{"taxonomy":"category","embeddable":true,"href":"https:\/\/www.brazilianpress.com\/v1\/wp-json\/wp\/v2\/categories?post=61586"},{"taxonomy":"post_tag","embeddable":true,"href":"https:\/\/www.brazilianpress.com\/v1\/wp-json\/wp\/v2\/tags?post=61586"}],"curies":[{"name":"wp","href":"https:\/\/api.w.org\/{rel}","templated":true}]}}