{"id":61596,"date":"2025-10-27T18:16:47","date_gmt":"2025-10-27T22:16:47","guid":{"rendered":"https:\/\/www.brazilianpress.com\/v1\/?p=61596"},"modified":"2025-10-27T18:16:47","modified_gmt":"2025-10-27T22:16:47","slug":"advogada-brasileira-que-viveu-ilegalmente-11-meses-nos-eua-solicita-auto-deportacao-ao-governo-trump","status":"publish","type":"post","link":"https:\/\/www.brazilianpress.com\/v1\/2025\/10\/27\/advogada-brasileira-que-viveu-ilegalmente-11-meses-nos-eua-solicita-auto-deportacao-ao-governo-trump\/","title":{"rendered":"Advogada brasileira que viveu ilegalmente 11 meses nos EUA solicita &#8220;auto-deporta\u00e7\u00e3o&#8221; ao Governo Trump"},"content":{"rendered":"<p><strong>Ap\u00f3s 11 meses vivendo nos Estados Unidos de forma irregular, a advogada brasileira Lilian Divina Leite decidiu entregar-se voluntariamente \u00e0s autoridades migrat\u00f3rias norte-americanas e retornar ao Brasil. A decis\u00e3o foi tomada diante do recrudescimento das pol\u00edticas de imigra\u00e7\u00e3o implementadas pelo governo de Donald Trump, que retomou a presid\u00eancia em janeiro de 2025 com uma agenda fortemente voltada ao controle de fronteiras e \u00e0 acelera\u00e7\u00e3o de deporta\u00e7\u00f5es.<\/strong><\/p>\n<p>Lilian chegou a Miami em agosto de 2024 com um visto de turista, inicialmente para uma viagem de f\u00e9rias. No entanto, diante da instabilidade econ\u00f4mica no Brasil e do desejo de recome\u00e7ar, resolveu permanecer no pa\u00eds al\u00e9m do prazo legal. Sem autoriza\u00e7\u00e3o para trabalhar, sobreviveu com ajuda de comunidades religiosas, realizou servi\u00e7os dom\u00e9sticos informais e chegou a doar plasma para complementar a renda.<\/p>\n<p><img src=\"https:\/\/scontent.fvdc13-1.fna.fbcdn.net\/v\/t51.82787-15\/541187938_18475675702074081_1872536484107430890_n.jpg?_nc_cat=105&amp;ccb=1-7&amp;_nc_sid=127cfc&amp;_nc_ohc=cfoYya9UkjQQ7kNvwEos8iW&amp;_nc_oc=AdmddWDKvbYRrj1YJpJBJ8gFzx7w3sF_nNI70nUeUmfWsuYvEC_VfbwZQGQvrv54vEzyq6M-Epm2xp6oHXuVadrg&amp;_nc_zt=23&amp;_nc_ht=scontent.fvdc13-1.fna&amp;_nc_gid=7Akb6vr1dCIuetwWcyvgNA&amp;oh=00_AffcJlmE1VTLUhdz7J0M-O8bjVG7uk1b75yfJ5Pg65SkEQ&amp;oe=6905C4E7\" alt=\"Pode ser uma imagem de 3 pessoas, a ponte de Brooklyn e a arranha-c\u00e9us\" \/><\/p>\n<p>Segundo apurado pelo Brazilian Press, a advogada passou a temer pela pr\u00f3pria seguran\u00e7a ap\u00f3s relatos de vizinhos e conhecidos serem detidos em opera\u00e7\u00f5es de fiscaliza\u00e7\u00e3o migrat\u00f3ria intensificadas nas \u00faltimas semanas. Diante do cen\u00e1rio, optou pelo programa de autodeporta\u00e7\u00e3o \u2014 uma iniciativa do Departamento de Imigra\u00e7\u00e3o e Alf\u00e2ndega dos EUA (ICE) que permite que estrangeiros em situa\u00e7\u00e3o irregular retornem voluntariamente ao pa\u00eds de origem, com custos da viagem arcados pelo governo americano e aux\u00edlio financeiro de at\u00e9 US$ 1 mil na chegada.<\/p>\n<p><img src=\"https:\/\/scontent.fvdc13-1.fna.fbcdn.net\/v\/t51.82787-15\/540582256_18475675732074081_1913829358152211942_n.jpg?_nc_cat=104&amp;ccb=1-7&amp;_nc_sid=127cfc&amp;_nc_ohc=8XGYiU-YDdAQ7kNvwEssFtE&amp;_nc_oc=Adko7MWH-N_oxW63eok70PqEZowQVxVTMJ9T6I03htH7KEfKrs5ixSjnYUXtf-dTqhKmLij0GsQmtq1pPhIbMtEB&amp;_nc_zt=23&amp;_nc_ht=scontent.fvdc13-1.fna&amp;_nc_gid=DPbwBT9pt6b_ycvt2oJVZA&amp;oh=00_AfeRts_8tUYWELSM7Qyc9t5OE28x5G6e7Z1OTG6sEDkRwg&amp;oe=6905D906\" alt=\"Pode ser uma imagem de 2 pessoas e a texto que diz &quot;0\uc77c\ub144\ubb3c New York County Supreme Court&quot;\" \/><\/p>\n<p>Ao desembarcar no Aeroporto Internacional de Guarulhos, na \u00faltima sexta-feira (24), Lilian falou com exclusividade \u00e0 reportagem. \u201cEu n\u00e3o me arrependo. Fui pra viver a experi\u00eancia, mas percebi que liberdade l\u00e1 \u00e9 um luxo que nem todo mundo pode ter\u201d, afirmou, emocionada. Apesar do retorno for\u00e7ado, a advogada planeja usar sua experi\u00eancia para atuar na defesa de direitos de migrantes no Brasil. \u201cAgora entendo, na pele, o que tantos passam em sil\u00eancio.\u201d<\/p>\n<p><img src=\"https:\/\/scontent.fvdc13-1.fna.fbcdn.net\/v\/t39.30808-6\/500137882_23947473711515354_853643516856181150_n.jpg?_nc_cat=110&amp;ccb=1-7&amp;_nc_sid=6ee11a&amp;_nc_ohc=uJDSQHEJahoQ7kNvwEDczmc&amp;_nc_oc=Adm8HCZyyMUAD0IQHteKRGCXeco_w9ZrMTEljT5AwwCrIr7V89lZe2qKeij2h3dL63Bt_qsgsvy8BLdG9w_ORhHV&amp;_nc_zt=23&amp;_nc_ht=scontent.fvdc13-1.fna&amp;_nc_gid=y70ociIgbAC2uUMjgeI6BQ&amp;oh=00_AfdjhxEeW6QdEld1i96yvNr5mYpbB5LII8tCSiWLim8liA&amp;oe=6905BD59\" alt=\"Nenhuma descri\u00e7\u00e3o de foto dispon\u00edvel.\" \/><\/p>\n","protected":false},"excerpt":{"rendered":"<p>Ap\u00f3s 11 meses vivendo nos Estados Unidos de forma irregular, a advogada brasileira Lilian Divina Leite decidiu entregar-se voluntariamente \u00e0s autoridades migrat\u00f3rias norte-americanas e retornar ao Brasil. A decis\u00e3o foi tomada diante do recrudescimento das pol\u00edticas de imigra\u00e7\u00e3o implementadas pelo governo de Donald Trump, que retomou a presid\u00eancia em janeiro de 2025 com uma agenda fortemente voltada ao controle de fronteiras e \u00e0 acelera\u00e7\u00e3o de deporta\u00e7\u00f5es. Lilian chegou a Miami em agosto de 2024 com um visto de turista, inicialmente para uma viagem de f\u00e9rias. No entanto, diante da instabilidade econ\u00f4mica no Brasil e do desejo de recome\u00e7ar, resolveu permanecer [&hellip;]<\/p>\n","protected":false},"author":1,"featured_media":61597,"comment_status":"open","ping_status":"closed","sticky":false,"template":"","format":"standard","meta":{"_links_to":"","_links_to_target":""},"categories":[4,3,1],"tags":[],"views":1019,"_links":{"self":[{"href":"https:\/\/www.brazilianpress.com\/v1\/wp-json\/wp\/v2\/posts\/61596"}],"collection":[{"href":"https:\/\/www.brazilianpress.com\/v1\/wp-json\/wp\/v2\/posts"}],"about":[{"href":"https:\/\/www.brazilianpress.com\/v1\/wp-json\/wp\/v2\/types\/post"}],"author":[{"embeddable":true,"href":"https:\/\/www.brazilianpress.com\/v1\/wp-json\/wp\/v2\/users\/1"}],"replies":[{"embeddable":true,"href":"https:\/\/www.brazilianpress.com\/v1\/wp-json\/wp\/v2\/comments?post=61596"}],"version-history":[{"count":1,"href":"https:\/\/www.brazilianpress.com\/v1\/wp-json\/wp\/v2\/posts\/61596\/revisions"}],"predecessor-version":[{"id":61598,"href":"https:\/\/www.brazilianpress.com\/v1\/wp-json\/wp\/v2\/posts\/61596\/revisions\/61598"}],"wp:featuredmedia":[{"embeddable":true,"href":"https:\/\/www.brazilianpress.com\/v1\/wp-json\/wp\/v2\/media\/61597"}],"wp:attachment":[{"href":"https:\/\/www.brazilianpress.com\/v1\/wp-json\/wp\/v2\/media?parent=61596"}],"wp:term":[{"taxonomy":"category","embeddable":true,"href":"https:\/\/www.brazilianpress.com\/v1\/wp-json\/wp\/v2\/categories?post=61596"},{"taxonomy":"post_tag","embeddable":true,"href":"https:\/\/www.brazilianpress.com\/v1\/wp-json\/wp\/v2\/tags?post=61596"}],"curies":[{"name":"wp","href":"https:\/\/api.w.org\/{rel}","templated":true}]}}