{"id":61648,"date":"2025-11-05T18:51:29","date_gmt":"2025-11-05T22:51:29","guid":{"rendered":"https:\/\/www.brazilianpress.com\/v1\/?p=61648"},"modified":"2025-11-05T18:51:29","modified_gmt":"2025-11-05T22:51:29","slug":"detido-injustamente-pela-imigracao-americana-brasileiro-com-green-card-pede-ajuda-e-visibilidade","status":"publish","type":"post","link":"https:\/\/www.brazilianpress.com\/v1\/2025\/11\/05\/detido-injustamente-pela-imigracao-americana-brasileiro-com-green-card-pede-ajuda-e-visibilidade\/","title":{"rendered":"Detido injustamente pela imigra\u00e7\u00e3o americana, brasileiro com green card pede ajuda e visibilidade"},"content":{"rendered":"<p><strong>Diogo Fickert Passos Fidal foi detido pelo ICE no aeroporto de Miami ao retornar de uma viagem ao Brasil, h\u00e1 cerca de dois meses. Ele nunca foi ilegal, vive nos Estados Unidos desde os 12 anos de idade e possui Green Card v\u00e1lido. Mesmo assim, foi detido sem justificativa e depois de 30 dias em um centro de deten\u00e7\u00e3o na Fl\u00f3rida, foi transferido sem aviso pr\u00e9vio para o estado do Texas, sem direito de avisar a fam\u00edlia ou falar com seus advogados. Essa transfer\u00eancia cancelou sua audi\u00eancia final e reiniciou todo o processo jur\u00eddico do zero.<\/strong><\/p>\n<p>O mais grave \u00e9 que Diogo sofre de uma doen\u00e7a autoimune de nome Sarcoidose e o ICE n\u00e3o tem fornecido o tratamento m\u00e9dico adequado. Os advogados j\u00e1 pediram sua liberdade condicional por motivos de sa\u00fade, mas n\u00e3o obtiveram resposta.<\/p>\n<p>Segundo relatos diretos do pr\u00f3prio Diogo, as condi\u00e7\u00f5es dentro do centro de deten\u00e7\u00e3o s\u00e3o desumanas. No local h\u00e1 apenas 6 banheiros para 72 homens, muitas vezes sem produtos de limpeza para fazer a higiene do local. A troca de roupa \u00e9 feita apenas uma vez por semana. Os detidos t\u00eam direito a apenas uma hora de sol por semana, quando o regulamento exige uma hora por dia. \u00c9 not\u00f3ria a neglig\u00eancia m\u00e9dica e emocional, sem acesso a medicamentos b\u00e1sicos ou acompanhamento.<\/p>\n<p>Na \u00faltima audi\u00eancia marcada para o dia 24 de outubro, os guardas n\u00e3o levaram Diogo nem outros 21 detentos ao tribunal, o que fez com que perdessem suas pr\u00f3prias audi\u00eancias. A nova data foi adiada para 11 de dezembro e a defesa agora tenta antecipar o processo.<\/p>\n<p>A fam\u00edlia est\u00e1 desesperada e lutando com todos os recursos poss\u00edveis para garantir justi\u00e7a e condi\u00e7\u00f5es dignas. Eles criaram uma campanha de arrecada\u00e7\u00e3o (GoFundMe) para ajudar com as despesas legais e de casa, mas o intuito deste e-mail n\u00e3o \u00e9 pedir dinheiro, e sim gerar visibilidade ao caso do Diogo, para que ele n\u00e3o seja esquecido dentro do sistema.<\/p>\n<p>Diogo \u00e9 um homem de f\u00e9, trabalhador, ativo e membro de uma igreja local em Miami. Ele sempre ajudou quem precisava e agora \u00e9 ele quem precisa de ajuda. A fam\u00edlia acredita que a visibilidade da imprensa brasileira pode ser fundamental para pressionar as autoridades americanas e garantir que ele receba o tratamento e o direito que merece. O nome da irm\u00e3 dele \u00e9 Ana e o telefone para contato \u00e9 954-290-2564.<\/p>\n","protected":false},"excerpt":{"rendered":"<p>Diogo Fickert Passos Fidal foi detido pelo ICE no aeroporto de Miami ao retornar de uma viagem ao Brasil, h\u00e1 cerca de dois meses. Ele nunca foi ilegal, vive nos Estados Unidos desde os 12 anos de idade e possui Green Card v\u00e1lido. Mesmo assim, foi detido sem justificativa e depois de 30 dias em um centro de deten\u00e7\u00e3o na Fl\u00f3rida, foi transferido sem aviso pr\u00e9vio para o estado do Texas, sem direito de avisar a fam\u00edlia ou falar com seus advogados. Essa transfer\u00eancia cancelou sua audi\u00eancia final e reiniciou todo o processo jur\u00eddico do zero. O mais grave \u00e9 [&hellip;]<\/p>\n","protected":false},"author":1,"featured_media":60709,"comment_status":"open","ping_status":"closed","sticky":false,"template":"","format":"standard","meta":{"_links_to":"","_links_to_target":""},"categories":[4,3,1],"tags":[],"views":865,"_links":{"self":[{"href":"https:\/\/www.brazilianpress.com\/v1\/wp-json\/wp\/v2\/posts\/61648"}],"collection":[{"href":"https:\/\/www.brazilianpress.com\/v1\/wp-json\/wp\/v2\/posts"}],"about":[{"href":"https:\/\/www.brazilianpress.com\/v1\/wp-json\/wp\/v2\/types\/post"}],"author":[{"embeddable":true,"href":"https:\/\/www.brazilianpress.com\/v1\/wp-json\/wp\/v2\/users\/1"}],"replies":[{"embeddable":true,"href":"https:\/\/www.brazilianpress.com\/v1\/wp-json\/wp\/v2\/comments?post=61648"}],"version-history":[{"count":1,"href":"https:\/\/www.brazilianpress.com\/v1\/wp-json\/wp\/v2\/posts\/61648\/revisions"}],"predecessor-version":[{"id":61649,"href":"https:\/\/www.brazilianpress.com\/v1\/wp-json\/wp\/v2\/posts\/61648\/revisions\/61649"}],"wp:featuredmedia":[{"embeddable":true,"href":"https:\/\/www.brazilianpress.com\/v1\/wp-json\/wp\/v2\/media\/60709"}],"wp:attachment":[{"href":"https:\/\/www.brazilianpress.com\/v1\/wp-json\/wp\/v2\/media?parent=61648"}],"wp:term":[{"taxonomy":"category","embeddable":true,"href":"https:\/\/www.brazilianpress.com\/v1\/wp-json\/wp\/v2\/categories?post=61648"},{"taxonomy":"post_tag","embeddable":true,"href":"https:\/\/www.brazilianpress.com\/v1\/wp-json\/wp\/v2\/tags?post=61648"}],"curies":[{"name":"wp","href":"https:\/\/api.w.org\/{rel}","templated":true}]}}