{"id":61650,"date":"2025-11-06T18:21:34","date_gmt":"2025-11-06T22:21:34","guid":{"rendered":"https:\/\/www.brazilianpress.com\/v1\/?p=61650"},"modified":"2025-11-06T18:25:04","modified_gmt":"2025-11-06T22:25:04","slug":"criancas-ficam-em-estado-de-choque-apos-agentes-da-ice-invadirem-creche-e-levarem-professora-colombiana","status":"publish","type":"post","link":"https:\/\/www.brazilianpress.com\/v1\/2025\/11\/06\/criancas-ficam-em-estado-de-choque-apos-agentes-da-ice-invadirem-creche-e-levarem-professora-colombiana\/","title":{"rendered":"Crian\u00e7as ficam em estado de choque ap\u00f3s agentes da ICE invadirem creche e levarem professora colombiana"},"content":{"rendered":"<p><strong>Uma creche de imers\u00e3o em l\u00edngua espanhola na zona norte de Chicago foi palco de uma opera\u00e7\u00e3o controversa de agentes federais na \u00faltima quarta-feira (5). A a\u00e7\u00e3o resultou na pris\u00e3o de uma professora, identificada como Diana Santillana, de origem colombiana. A interven\u00e7\u00e3o chocou a comunidade local e gerou fortes cr\u00edticas dos pais das crian\u00e7as presentes.<\/strong><\/p>\n<p>Imagens da deten\u00e7\u00e3o, que circulam em redes sociais, mostram dois homens com coletes identificados como &#8216;Police&#8217; \u2013 um deles usando balaclava \u2013 arrastando Santillana para fora da creche Rayito de Sol. Testemunhas relatam que a mulher gritava &#8220;eu tenho documentos&#8221; enquanto era levada.<\/p>\n<p><img loading=\"lazy\" class=\"alignnone size-full wp-image-61651\" src=\"https:\/\/www.brazilianpress.com\/v1\/wp-content\/uploads\/2025\/11\/professora-colombiana-presa-batida-ice-imigrante-ilegal-creche-chicago-eua.jpg\" alt=\"\" width=\"700\" height=\"389\" srcset=\"https:\/\/www.brazilianpress.com\/v1\/wp-content\/uploads\/2025\/11\/professora-colombiana-presa-batida-ice-imigrante-ilegal-creche-chicago-eua.jpg 700w, https:\/\/www.brazilianpress.com\/v1\/wp-content\/uploads\/2025\/11\/professora-colombiana-presa-batida-ice-imigrante-ilegal-creche-chicago-eua-300x167.jpg 300w\" sizes=\"(max-width: 700px) 100vw, 700px\" \/><\/p>\n<p>O Departamento de Seguran\u00e7a Interna (DHS) apresentou uma vers\u00e3o diferente para a opera\u00e7\u00e3o. Segundo o \u00f3rg\u00e3o, a professora, natural de Medelim, Col\u00f4mbia, foi presa ap\u00f3s supostamente n\u00e3o parar em uma blitz policial. Isso teria iniciado uma persegui\u00e7\u00e3o que terminou apenas quando a mulher entrou na institui\u00e7\u00e3o de ensino.<\/p>\n<p>Agentes de imigra\u00e7\u00e3o afirmam que Santillana entrou nos Estados Unidos de forma irregular em junho de 2022 e que ela j\u00e1 possu\u00eda um pedido de asilo pendente. Segundo apurado pelo Brazilian Press junto a ag\u00eancias locais, os pais dos alunos condenaram duramente a a\u00e7\u00e3o, relatando que os agentes entraram correndo na creche portando armas, o que assustou as crian\u00e7as.<\/p>\n<p>O incidente ocorre em meio a um aumento na repress\u00e3o \u00e0 imigra\u00e7\u00e3o em Chicago, como parte de uma diretriz do presidente Donald Trump. No in\u00edcio de setembro, o republicano autorizou opera\u00e7\u00f5es focadas em &#8220;criminosos perigosos&#8221; sem direito legal de resid\u00eancia. Contudo, dados do DHS indicam que a opera\u00e7\u00e3o j\u00e1 resultou em 3.000 pris\u00f5es, incluindo cidad\u00e3os americanos e indiv\u00edduos sem antecedentes criminais.<\/p>\n","protected":false},"excerpt":{"rendered":"<p>Uma creche de imers\u00e3o em l\u00edngua espanhola na zona norte de Chicago foi palco de uma opera\u00e7\u00e3o controversa de agentes federais na \u00faltima quarta-feira (5). A a\u00e7\u00e3o resultou na pris\u00e3o de uma professora, identificada como Diana Santillana, de origem colombiana. A interven\u00e7\u00e3o chocou a comunidade local e gerou fortes cr\u00edticas dos pais das crian\u00e7as presentes. Imagens da deten\u00e7\u00e3o, que circulam em redes sociais, mostram dois homens com coletes identificados como &#8216;Police&#8217; \u2013 um deles usando balaclava \u2013 arrastando Santillana para fora da creche Rayito de Sol. Testemunhas relatam que a mulher gritava &#8220;eu tenho documentos&#8221; enquanto era levada. O Departamento [&hellip;]<\/p>\n","protected":false},"author":1,"featured_media":61652,"comment_status":"open","ping_status":"closed","sticky":false,"template":"","format":"standard","meta":{"_links_to":"","_links_to_target":""},"categories":[4,3,1],"tags":[],"views":768,"_links":{"self":[{"href":"https:\/\/www.brazilianpress.com\/v1\/wp-json\/wp\/v2\/posts\/61650"}],"collection":[{"href":"https:\/\/www.brazilianpress.com\/v1\/wp-json\/wp\/v2\/posts"}],"about":[{"href":"https:\/\/www.brazilianpress.com\/v1\/wp-json\/wp\/v2\/types\/post"}],"author":[{"embeddable":true,"href":"https:\/\/www.brazilianpress.com\/v1\/wp-json\/wp\/v2\/users\/1"}],"replies":[{"embeddable":true,"href":"https:\/\/www.brazilianpress.com\/v1\/wp-json\/wp\/v2\/comments?post=61650"}],"version-history":[{"count":2,"href":"https:\/\/www.brazilianpress.com\/v1\/wp-json\/wp\/v2\/posts\/61650\/revisions"}],"predecessor-version":[{"id":61654,"href":"https:\/\/www.brazilianpress.com\/v1\/wp-json\/wp\/v2\/posts\/61650\/revisions\/61654"}],"wp:featuredmedia":[{"embeddable":true,"href":"https:\/\/www.brazilianpress.com\/v1\/wp-json\/wp\/v2\/media\/61652"}],"wp:attachment":[{"href":"https:\/\/www.brazilianpress.com\/v1\/wp-json\/wp\/v2\/media?parent=61650"}],"wp:term":[{"taxonomy":"category","embeddable":true,"href":"https:\/\/www.brazilianpress.com\/v1\/wp-json\/wp\/v2\/categories?post=61650"},{"taxonomy":"post_tag","embeddable":true,"href":"https:\/\/www.brazilianpress.com\/v1\/wp-json\/wp\/v2\/tags?post=61650"}],"curies":[{"name":"wp","href":"https:\/\/api.w.org\/{rel}","templated":true}]}}