{"id":61705,"date":"2025-11-13T17:07:49","date_gmt":"2025-11-13T21:07:49","guid":{"rendered":"https:\/\/www.brazilianpress.com\/v1\/?p=61705"},"modified":"2025-11-13T17:07:49","modified_gmt":"2025-11-13T21:07:49","slug":"jornal-argentino-alerta-lanus-antes-da-final-atletico-mg-mete-medo","status":"publish","type":"post","link":"https:\/\/www.brazilianpress.com\/v1\/2025\/11\/13\/jornal-argentino-alerta-lanus-antes-da-final-atletico-mg-mete-medo\/","title":{"rendered":"Jornal argentino alerta Lan\u00fas antes da final: &#8220;Atl\u00e9tico-MG mete medo&#8221;"},"content":{"rendered":"<p><strong>O\u00a0Atl\u00e9tico-MG\u00a0de Jorge Sampaoli \u00e9 not\u00edcia na Argentina. O Ol\u00e9, principal di\u00e1rio esportivo do pa\u00eds, destacou, nesta segunda-feira, o momento do Galo a poucos dias da decis\u00e3o da Conmebol Sul-Americana.<\/strong><\/p>\n<p>\u201cAten\u00e7\u00e3o, Lan\u00fas: Atl\u00e9tico Mineiro mete medo\u201d, \u00e9 a manchete.\u00a0Galo e Lan\u00fas decidem a Sul-Americana no pr\u00f3ximo dia 22, em Assun\u00e7\u00e3o, no Paraguai.<\/p>\n<p>&#8220;O rival assusta&#8221;, completa o jornal, que ressalta que, apesar de n\u00e3o estar na briga pelo t\u00edtulo do Brasileir\u00e3o, o Atl\u00e9tico est\u00e1 h\u00e1 seis jogos sem perder.<\/p>\n<p>Sobre a vit\u00f3ria em cima do Sport, no s\u00e1bado passado, o Ol\u00e9 destaca que o Alvinegro levou 2 a 0, mas acionou titulares e virou o jogo em 15 minutos.\u00a0&#8220;Extraordin\u00e1rio para o Galo de Sampaoli&#8221;.<\/p>\n<p>Antes da final da Sul-Americana, o Atl\u00e9tico tem dois compromissos pelo Brasileiro. Enfrenta o Fortaleza, nesta quarta-feira, \u00e0s 20h30, na Arena MRV, pelo Brasileiro. Depois pega o Bragantino, no domingo que vem, \u00e0s 19h, em Bragan\u00e7a Paulista.<\/p>\n","protected":false},"excerpt":{"rendered":"<p>O\u00a0Atl\u00e9tico-MG\u00a0de Jorge Sampaoli \u00e9 not\u00edcia na Argentina. O Ol\u00e9, principal di\u00e1rio esportivo do pa\u00eds, destacou, nesta segunda-feira, o momento do Galo a poucos dias da decis\u00e3o da Conmebol Sul-Americana. \u201cAten\u00e7\u00e3o, Lan\u00fas: Atl\u00e9tico Mineiro mete medo\u201d, \u00e9 a manchete.\u00a0Galo e Lan\u00fas decidem a Sul-Americana no pr\u00f3ximo dia 22, em Assun\u00e7\u00e3o, no Paraguai. &#8220;O rival assusta&#8221;, completa o jornal, que ressalta que, apesar de n\u00e3o estar na briga pelo t\u00edtulo do Brasileir\u00e3o, o Atl\u00e9tico est\u00e1 h\u00e1 seis jogos sem perder. Sobre a vit\u00f3ria em cima do Sport, no s\u00e1bado passado, o Ol\u00e9 destaca que o Alvinegro levou 2 a 0, mas acionou [&hellip;]<\/p>\n","protected":false},"author":1,"featured_media":61706,"comment_status":"open","ping_status":"closed","sticky":false,"template":"","format":"standard","meta":{"_links_to":"","_links_to_target":""},"categories":[9,1],"tags":[],"views":712,"_links":{"self":[{"href":"https:\/\/www.brazilianpress.com\/v1\/wp-json\/wp\/v2\/posts\/61705"}],"collection":[{"href":"https:\/\/www.brazilianpress.com\/v1\/wp-json\/wp\/v2\/posts"}],"about":[{"href":"https:\/\/www.brazilianpress.com\/v1\/wp-json\/wp\/v2\/types\/post"}],"author":[{"embeddable":true,"href":"https:\/\/www.brazilianpress.com\/v1\/wp-json\/wp\/v2\/users\/1"}],"replies":[{"embeddable":true,"href":"https:\/\/www.brazilianpress.com\/v1\/wp-json\/wp\/v2\/comments?post=61705"}],"version-history":[{"count":1,"href":"https:\/\/www.brazilianpress.com\/v1\/wp-json\/wp\/v2\/posts\/61705\/revisions"}],"predecessor-version":[{"id":61707,"href":"https:\/\/www.brazilianpress.com\/v1\/wp-json\/wp\/v2\/posts\/61705\/revisions\/61707"}],"wp:featuredmedia":[{"embeddable":true,"href":"https:\/\/www.brazilianpress.com\/v1\/wp-json\/wp\/v2\/media\/61706"}],"wp:attachment":[{"href":"https:\/\/www.brazilianpress.com\/v1\/wp-json\/wp\/v2\/media?parent=61705"}],"wp:term":[{"taxonomy":"category","embeddable":true,"href":"https:\/\/www.brazilianpress.com\/v1\/wp-json\/wp\/v2\/categories?post=61705"},{"taxonomy":"post_tag","embeddable":true,"href":"https:\/\/www.brazilianpress.com\/v1\/wp-json\/wp\/v2\/tags?post=61705"}],"curies":[{"name":"wp","href":"https:\/\/api.w.org\/{rel}","templated":true}]}}