{"id":61710,"date":"2025-11-13T17:11:51","date_gmt":"2025-11-13T21:11:51","guid":{"rendered":"https:\/\/www.brazilianpress.com\/v1\/?p=61710"},"modified":"2025-11-13T17:11:51","modified_gmt":"2025-11-13T21:11:51","slug":"medicos-e-psicologos-do-sus-atendem-vitimas-do-tornado-no-parana","status":"publish","type":"post","link":"https:\/\/www.brazilianpress.com\/v1\/2025\/11\/13\/medicos-e-psicologos-do-sus-atendem-vitimas-do-tornado-no-parana\/","title":{"rendered":"M\u00e9dicos e psic\u00f3logos do SUS atendem v\u00edtimas do tornado no Paran\u00e1"},"content":{"rendered":"<p><strong>Profissionais de medicina e psicologia da For\u00e7a Nacional do Sistema \u00danico de Sa\u00fade j\u00e1 atenderam mais de 800 pessoas na cidade de Rio Bonito do Igua\u00e7u (PR), a mais atingida pelo tornado da \u00faltima sexta (7). O munic\u00edpio teve\u00a0cinco mortes, pelo menos 775 feridos e 39 pessoas desabrigadas.<\/strong><\/p>\n<p>Segundo o Minist\u00e9rio da Sa\u00fade, as equipes\u00a0permanecer\u00e3o\u00a0no territ\u00f3rio por tempo indeterminado at\u00e9 que haja estabiliza\u00e7\u00e3o da situa\u00e7\u00e3o. Os profissionais apoiam a reorganiza\u00e7\u00e3o da estrutura de assist\u00eancia de sa\u00fade e refor\u00e7am o servi\u00e7o nas unidades. Eles atuam tanto na aten\u00e7\u00e3o prim\u00e1ria, na urg\u00eancia e emerg\u00eancia, e tamb\u00e9m em abrigos.<\/p>\n<p>Das sete unidades de sa\u00fade do munic\u00edpio, duas permanecem com funcionamento parcial. O atendimento de urg\u00eancia e emerg\u00eancia foi centralizado no munic\u00edpio de Laranjeiras do Sul.<\/p>\n<p>Sa\u00fade mental<br \/>\nO atendimento de sa\u00fade mental \u00e9 outro foco fundamental do trabalho, segundo\u00a0o coordenador da For\u00e7a Nacional do SUS, Rodrigo Stabelli, diante de 80% da cidade devastada, conforme foi divulgado pelo Minist\u00e9rio da Sa\u00fade.<\/p>\n<p>Ele afirma que o impacto da situa\u00e7\u00e3o faz com que diferentes grupos et\u00e1rios sofram psicologicamente, como \u00e9 o caso das crian\u00e7as e idosos.<\/p>\n<p>Stabelli diz que as a\u00e7\u00f5es incluem acolhimento emocional de profissionais da linha de frente, acompanhamento de fam\u00edlias afetadas e rodas de conversa em abrigos, escolas e igrejas.<\/p>\n<p>Ao todo,\u00a055 munic\u00edpios do Paran\u00e1 foram impactados por tempestades, com mais de 31 mil pessoas afetadas. A estrat\u00e9gia da For\u00e7a Nacional do SUS envolve o envio de psic\u00f3logos, psiquiatras, farmac\u00eauticos e gestores t\u00e9cnicos.<\/p>\n<p>No abrigo de Laranjeiras do Sul, onde est\u00e3o alojadas 34 pessoas, a equipe multiprofissional garante escuta qualificada e encaminhamentos de maior complexidade, em conjunto com a assist\u00eancia social.<\/p>\n","protected":false},"excerpt":{"rendered":"<p>Profissionais de medicina e psicologia da For\u00e7a Nacional do Sistema \u00danico de Sa\u00fade j\u00e1 atenderam mais de 800 pessoas na cidade de Rio Bonito do Igua\u00e7u (PR), a mais atingida pelo tornado da \u00faltima sexta (7). O munic\u00edpio teve\u00a0cinco mortes, pelo menos 775 feridos e 39 pessoas desabrigadas. Segundo o Minist\u00e9rio da Sa\u00fade, as equipes\u00a0permanecer\u00e3o\u00a0no territ\u00f3rio por tempo indeterminado at\u00e9 que haja estabiliza\u00e7\u00e3o da situa\u00e7\u00e3o. Os profissionais apoiam a reorganiza\u00e7\u00e3o da estrutura de assist\u00eancia de sa\u00fade e refor\u00e7am o servi\u00e7o nas unidades. Eles atuam tanto na aten\u00e7\u00e3o prim\u00e1ria, na urg\u00eancia e emerg\u00eancia, e tamb\u00e9m em abrigos. Das sete unidades de [&hellip;]<\/p>\n","protected":false},"author":1,"featured_media":61711,"comment_status":"open","ping_status":"closed","sticky":false,"template":"","format":"standard","meta":{"_links_to":"","_links_to_target":""},"categories":[7,1],"tags":[],"views":746,"_links":{"self":[{"href":"https:\/\/www.brazilianpress.com\/v1\/wp-json\/wp\/v2\/posts\/61710"}],"collection":[{"href":"https:\/\/www.brazilianpress.com\/v1\/wp-json\/wp\/v2\/posts"}],"about":[{"href":"https:\/\/www.brazilianpress.com\/v1\/wp-json\/wp\/v2\/types\/post"}],"author":[{"embeddable":true,"href":"https:\/\/www.brazilianpress.com\/v1\/wp-json\/wp\/v2\/users\/1"}],"replies":[{"embeddable":true,"href":"https:\/\/www.brazilianpress.com\/v1\/wp-json\/wp\/v2\/comments?post=61710"}],"version-history":[{"count":1,"href":"https:\/\/www.brazilianpress.com\/v1\/wp-json\/wp\/v2\/posts\/61710\/revisions"}],"predecessor-version":[{"id":61712,"href":"https:\/\/www.brazilianpress.com\/v1\/wp-json\/wp\/v2\/posts\/61710\/revisions\/61712"}],"wp:featuredmedia":[{"embeddable":true,"href":"https:\/\/www.brazilianpress.com\/v1\/wp-json\/wp\/v2\/media\/61711"}],"wp:attachment":[{"href":"https:\/\/www.brazilianpress.com\/v1\/wp-json\/wp\/v2\/media?parent=61710"}],"wp:term":[{"taxonomy":"category","embeddable":true,"href":"https:\/\/www.brazilianpress.com\/v1\/wp-json\/wp\/v2\/categories?post=61710"},{"taxonomy":"post_tag","embeddable":true,"href":"https:\/\/www.brazilianpress.com\/v1\/wp-json\/wp\/v2\/tags?post=61710"}],"curies":[{"name":"wp","href":"https:\/\/api.w.org\/{rel}","templated":true}]}}