{"id":61864,"date":"2025-12-13T21:23:01","date_gmt":"2025-12-14T01:23:01","guid":{"rendered":"https:\/\/www.brazilianpress.com\/v1\/?p=61864"},"modified":"2025-12-13T21:27:29","modified_gmt":"2025-12-14T01:27:29","slug":"brasileira-presa-pelo-ice-governo-trump-entrevista-cnn","status":"publish","type":"post","link":"https:\/\/www.brazilianpress.com\/v1\/2025\/12\/13\/brasileira-presa-pelo-ice-governo-trump-entrevista-cnn\/","title":{"rendered":"V\u00cdDEO: Brasileira presa pelo ICE, ligada \u00e0 secret\u00e1ria do Governo Trump, concede entrevista \u00e0 CNN"},"content":{"rendered":"<p><strong>A controv\u00e9rsia envolvendo a Secret\u00e1ria de Imprensa da Casa Branca, Karoline Leavitt, e a m\u00e3e brasileira de seu sobrinho, Bruna Caroline Ferreira, escalou para um drama familiar com implica\u00e7\u00f5es pol\u00edticas explosivas. O caso, que come\u00e7ou com a deten\u00e7\u00e3o de Ferreira por agentes de imigra\u00e7\u00e3o, agora joga luz sobre as duras pol\u00edticas de deporta\u00e7\u00e3o do governo e o profundo cisma pessoal dentro de uma fam\u00edlia ligada \u00e0 alta c\u00fapula do poder em Washington.<\/strong><\/p>\n<p>Bruna Ferreira, que vive nos EUA desde os seis anos e \u00e9 m\u00e3e do filho do irm\u00e3o de Karoline Leavitt (e at\u00e9 madrinha da crian\u00e7a), foi detida em novembro enquanto buscava o filho de 11 anos na escola. Em entrevista emocionada \u00e0 CNN, a brasileira fez um apelo direto \u00e0 Secret\u00e1ria de Imprensa, criticando o sil\u00eancio de Leavitt e a narrativa oficial que a descrevia como uma &#8220;estrangeira criminosa ilegal&#8221;. &#8220;Voc\u00ea \u00e9 m\u00e3e agora,&#8221; disse Ferreira. &#8220;Como voc\u00ea se sentiria se fizessem isso com voc\u00ea?&#8221;<\/p>\n<p><strong><span style=\"color: #993300;\">Assista a entrevista:<\/span><\/strong><\/p>\n<div class=\"mnmd-responsive-video\"><iframe loading=\"lazy\" title=\"Woman with family ties to White House press secretary Karoline Leavitt released from ICE custody\" width=\"1200\" height=\"675\" src=\"https:\/\/www.youtube.com\/embed\/ZTMbtm7WUdI?feature=oembed\" frameborder=\"0\" allow=\"accelerometer; autoplay; clipboard-write; encrypted-media; gyroscope; picture-in-picture; web-share\" referrerpolicy=\"strict-origin-when-cross-origin\" allowfullscreen><\/iframe><\/div>\n<p>O Departamento de Seguran\u00e7a Interna (DHS) alegou que Ferreira havia ultrapassado o prazo de seu visto de turista em 1999 e que possu\u00eda um hist\u00f3rico criminal. No entanto, o advogado da brasileira desmentiu veementemente a acusa\u00e7\u00e3o, classificando-a como um &#8220;falso assassinato de car\u00e1ter&#8221; contra uma empres\u00e1ria e m\u00e3e solteira. A pr\u00f3pria Casa Branca tentou publicamente se distanciar, emitindo uma nota alegando que Ferreira e Leavitt n\u00e3o falavam h\u00e1 anos e que a crian\u00e7a morava em tempo integral com o pai, minimizando os la\u00e7os familiares.<\/p>\n<p>A tentativa de desqualificar a brasileira foi rebatida com for\u00e7a. Bruna Ferreira chamou as declara\u00e7\u00f5es da Casa Branca de &#8220;nojentas&#8221; e falsas, citando que ela e o filho frequentavam eventos da fam\u00edlia Leavitt, incluindo o casamento de Karoline. Segundo apurado pelo Brazilian Press, a disputa n\u00e3o \u00e9 apenas legal, mas tamb\u00e9m exp\u00f5e um conflito de valores dentro do c\u00edrculo \u00edntimo da Secret\u00e1ria de Imprensa, evidenciando como a ret\u00f3rica anti-imigra\u00e7\u00e3o do governo afeta at\u00e9 mesmo aqueles com la\u00e7os de parentesco direto com o poder.<\/p>\n<p>Ap\u00f3s semanas sendo transferida por instala\u00e7\u00f5es de deten\u00e7\u00e3o em v\u00e1rios estados, Ferreira foi libertada sob fian\u00e7a por ordem de um juiz. O custo do drama, contudo, \u00e9 alto: al\u00e9m do trauma pessoal, o caso se tornou um embara\u00e7o p\u00fablico, servindo como um poderoso contraste entre as pol\u00edticas r\u00edgidas do governo e a realidade humana da imigra\u00e7\u00e3o, agora estampado na capa dos jornais e nos notici\u00e1rios televisivos.<\/p>\n","protected":false},"excerpt":{"rendered":"<p>A controv\u00e9rsia envolvendo a Secret\u00e1ria de Imprensa da Casa Branca, Karoline Leavitt, e a m\u00e3e brasileira de seu sobrinho, Bruna Caroline Ferreira, escalou para um drama familiar com implica\u00e7\u00f5es pol\u00edticas explosivas. O caso, que come\u00e7ou com a deten\u00e7\u00e3o de Ferreira por agentes de imigra\u00e7\u00e3o, agora joga luz sobre as duras pol\u00edticas de deporta\u00e7\u00e3o do governo e o profundo cisma pessoal dentro de uma fam\u00edlia ligada \u00e0 alta c\u00fapula do poder em Washington. Bruna Ferreira, que vive nos EUA desde os seis anos e \u00e9 m\u00e3e do filho do irm\u00e3o de Karoline Leavitt (e at\u00e9 madrinha da crian\u00e7a), foi detida em [&hellip;]<\/p>\n","protected":false},"author":1,"featured_media":61865,"comment_status":"open","ping_status":"closed","sticky":false,"template":"","format":"standard","meta":{"_links_to":"","_links_to_target":""},"categories":[4,3,1],"tags":[],"views":515,"_links":{"self":[{"href":"https:\/\/www.brazilianpress.com\/v1\/wp-json\/wp\/v2\/posts\/61864"}],"collection":[{"href":"https:\/\/www.brazilianpress.com\/v1\/wp-json\/wp\/v2\/posts"}],"about":[{"href":"https:\/\/www.brazilianpress.com\/v1\/wp-json\/wp\/v2\/types\/post"}],"author":[{"embeddable":true,"href":"https:\/\/www.brazilianpress.com\/v1\/wp-json\/wp\/v2\/users\/1"}],"replies":[{"embeddable":true,"href":"https:\/\/www.brazilianpress.com\/v1\/wp-json\/wp\/v2\/comments?post=61864"}],"version-history":[{"count":4,"href":"https:\/\/www.brazilianpress.com\/v1\/wp-json\/wp\/v2\/posts\/61864\/revisions"}],"predecessor-version":[{"id":61869,"href":"https:\/\/www.brazilianpress.com\/v1\/wp-json\/wp\/v2\/posts\/61864\/revisions\/61869"}],"wp:featuredmedia":[{"embeddable":true,"href":"https:\/\/www.brazilianpress.com\/v1\/wp-json\/wp\/v2\/media\/61865"}],"wp:attachment":[{"href":"https:\/\/www.brazilianpress.com\/v1\/wp-json\/wp\/v2\/media?parent=61864"}],"wp:term":[{"taxonomy":"category","embeddable":true,"href":"https:\/\/www.brazilianpress.com\/v1\/wp-json\/wp\/v2\/categories?post=61864"},{"taxonomy":"post_tag","embeddable":true,"href":"https:\/\/www.brazilianpress.com\/v1\/wp-json\/wp\/v2\/tags?post=61864"}],"curies":[{"name":"wp","href":"https:\/\/api.w.org\/{rel}","templated":true}]}}