{"id":62279,"date":"2026-03-02T20:44:58","date_gmt":"2026-03-03T00:44:58","guid":{"rendered":"https:\/\/www.brazilianpress.com\/v1\/?p=62279"},"modified":"2026-03-02T20:45:46","modified_gmt":"2026-03-03T00:45:46","slug":"ultima-brasileira-fugitiva-envolvida-nos-atos-do-8-de-janeiro-de-2023-recebe-ordem-de-deportacao-nos-eua","status":"publish","type":"post","link":"https:\/\/www.brazilianpress.com\/v1\/2026\/03\/02\/ultima-brasileira-fugitiva-envolvida-nos-atos-do-8-de-janeiro-de-2023-recebe-ordem-de-deportacao-nos-eua\/","title":{"rendered":"Ultima brasileira fugitiva, envolvida nos atos do 8 de janeiro de 2023, recebe ordem de deporta\u00e7\u00e3o nos EUA"},"content":{"rendered":"<p><strong>O cen\u00e1rio para os brasileiros que buscavam ref\u00fagio em solo americano ap\u00f3s os eventos de 8 de janeiro de 2023 sofreu uma mudan\u00e7a definitiva. Com a recente ordem de deporta\u00e7\u00e3o da \u00faltima fugitiva remanescente em territ\u00f3rio dos Estados Unidos, o governo norte-americano sinaliza o encerramento de um ciclo de cust\u00f3dia migrat\u00f3ria que durava meses.<\/strong><\/p>\n<p>A decis\u00e3o, que culmina na repatria\u00e7\u00e3o da investigada Michely Paiva Alves, natural de Limeira (SP), encerra a lista de brasileiras detidas por imigra\u00e7\u00e3o ilegal que possu\u00edam pend\u00eancias judiciais com o Supremo Tribunal Federal (STF). O caso segue o rastro de outras deporta\u00e7\u00f5es recentes, como as de Rosana Maciel Gomes e Raquel de Souza Lopes, que foram presas ao desembarcarem no Brasil ap\u00f3s terem seus pedidos de asilo negados pelas autoridades dos EUA.<\/p>\n<p>O papel da coopera\u00e7\u00e3o transnacional Diferente de fluxos migrat\u00f3rios comuns, o destino desses brasileiros tornou-se um ponto de fric\u00e7\u00e3o e, posteriormente, de coopera\u00e7\u00e3o entre Bras\u00edlia e Washington. Segundo apurado pelo Jornal Brazilian Press, a agilidade nos processos de deporta\u00e7\u00e3o nos \u00faltimos meses reflete um endurecimento das pol\u00edticas de imigra\u00e7\u00e3o para indiv\u00edduos com mandados de pris\u00e3o ativos em seus pa\u00edses de origem, independentemente de alega\u00e7\u00f5es pol\u00edticas.<\/p>\n<p>A estrat\u00e9gia das autoridades americanas tem sido clara: o descumprimento das normas de entrada no pa\u00eds (muitos atravessaram a fronteira de forma ilegal) sobrep\u00f5e-se \u00e0s solicita\u00e7\u00f5es de asilo quando h\u00e1 condena\u00e7\u00f5es ou processos criminais graves em curso.<\/p>\n<p>Impacto jur\u00eddico e pol\u00edtico Com a chegada da \u00faltima foragida ao Brasil, o cerco se fecha para o grupo que havia rompido medidas cautelares \u2014 como o uso de tornozeleiras eletr\u00f4nicas \u2014 para deixar o pa\u00eds em 2024. No Brasil, Michely Paiva Alves deve ser encaminhada diretamente ao sistema penitenci\u00e1rio para cumprir as determina\u00e7\u00f5es do ministro Alexandre de Moraes, relator do caso no STF.<\/p>\n<p>Especialistas indicam que este movimento consolida a jurisprud\u00eancia internacional de que a fuga para o exterior n\u00e3o garante impunidade em casos de crimes contra o Estado Democr\u00e1tico de Direito, especialmente quando as vias legais de imigra\u00e7\u00e3o s\u00e3o ignoradas pelos investigados.<\/p>\n","protected":false},"excerpt":{"rendered":"<p>O cen\u00e1rio para os brasileiros que buscavam ref\u00fagio em solo americano ap\u00f3s os eventos de 8 de janeiro de 2023 sofreu uma mudan\u00e7a definitiva. Com a recente ordem de deporta\u00e7\u00e3o da \u00faltima fugitiva remanescente em territ\u00f3rio dos Estados Unidos, o governo norte-americano sinaliza o encerramento de um ciclo de cust\u00f3dia migrat\u00f3ria que durava meses. A decis\u00e3o, que culmina na repatria\u00e7\u00e3o da investigada Michely Paiva Alves, natural de Limeira (SP), encerra a lista de brasileiras detidas por imigra\u00e7\u00e3o ilegal que possu\u00edam pend\u00eancias judiciais com o Supremo Tribunal Federal (STF). O caso segue o rastro de outras deporta\u00e7\u00f5es recentes, como as de [&hellip;]<\/p>\n","protected":false},"author":1,"featured_media":62280,"comment_status":"open","ping_status":"closed","sticky":false,"template":"","format":"standard","meta":{"_links_to":"","_links_to_target":""},"categories":[4,3,1],"tags":[],"views":589,"_links":{"self":[{"href":"https:\/\/www.brazilianpress.com\/v1\/wp-json\/wp\/v2\/posts\/62279"}],"collection":[{"href":"https:\/\/www.brazilianpress.com\/v1\/wp-json\/wp\/v2\/posts"}],"about":[{"href":"https:\/\/www.brazilianpress.com\/v1\/wp-json\/wp\/v2\/types\/post"}],"author":[{"embeddable":true,"href":"https:\/\/www.brazilianpress.com\/v1\/wp-json\/wp\/v2\/users\/1"}],"replies":[{"embeddable":true,"href":"https:\/\/www.brazilianpress.com\/v1\/wp-json\/wp\/v2\/comments?post=62279"}],"version-history":[{"count":1,"href":"https:\/\/www.brazilianpress.com\/v1\/wp-json\/wp\/v2\/posts\/62279\/revisions"}],"predecessor-version":[{"id":62281,"href":"https:\/\/www.brazilianpress.com\/v1\/wp-json\/wp\/v2\/posts\/62279\/revisions\/62281"}],"wp:featuredmedia":[{"embeddable":true,"href":"https:\/\/www.brazilianpress.com\/v1\/wp-json\/wp\/v2\/media\/62280"}],"wp:attachment":[{"href":"https:\/\/www.brazilianpress.com\/v1\/wp-json\/wp\/v2\/media?parent=62279"}],"wp:term":[{"taxonomy":"category","embeddable":true,"href":"https:\/\/www.brazilianpress.com\/v1\/wp-json\/wp\/v2\/categories?post=62279"},{"taxonomy":"post_tag","embeddable":true,"href":"https:\/\/www.brazilianpress.com\/v1\/wp-json\/wp\/v2\/tags?post=62279"}],"curies":[{"name":"wp","href":"https:\/\/api.w.org\/{rel}","templated":true}]}}