{"id":62323,"date":"2026-03-10T21:33:46","date_gmt":"2026-03-11T01:33:46","guid":{"rendered":"https:\/\/www.brazilianpress.com\/v1\/?p=62323"},"modified":"2026-03-10T21:33:46","modified_gmt":"2026-03-11T01:33:46","slug":"antiga-instalacao-de-tecnologia-desativado-na-georgia-e-preparada-para-receber-8-500-imigrantes-ilegais-detidos-pela-ice","status":"publish","type":"post","link":"https:\/\/www.brazilianpress.com\/v1\/2026\/03\/10\/antiga-instalacao-de-tecnologia-desativado-na-georgia-e-preparada-para-receber-8-500-imigrantes-ilegais-detidos-pela-ice\/","title":{"rendered":"Antiga instala\u00e7\u00e3o de tecnologia desativado na Georgia \u00e9 preparada para receber 8.500 imigrantes ilegais detidos pela ICE"},"content":{"rendered":"<p><strong>A instala\u00e7\u00e3o de um novo centro de deten\u00e7\u00e3o em massa sob responsabilidade do Immigration and Customs Enforcement (ICE), em um antigo armaz\u00e9m industrial no estado da Ge\u00f3rgia, tornou-se o epicentro de uma intensa onda de manifesta\u00e7\u00f5es e debates jur\u00eddicos. O projeto, que visa ampliar drasticamente a capacidade de cust\u00f3dia de imigrantes na regi\u00e3o, \u00e9 visto pelas autoridades federais como uma solu\u00e7\u00e3o log\u00edstica para a satura\u00e7\u00e3o do sistema atual, mas tem enfrentado resist\u00eancia ferrenha de grupos de direitos humanos e moradores das \u00e1reas adjacentes.<\/strong><\/p>\n<p>A controv\u00e9rsia escalou nos \u00faltimos dias \u00e0 medida que detalhes sobre a estrutura do local vieram a p\u00fablico. Especialistas em arquitetura prisional e sa\u00fade p\u00fablica alertam que a adapta\u00e7\u00e3o de um galp\u00e3o industrial para o confinamento prolongado de pessoas pode resultar em condi\u00e7\u00f5es prec\u00e1rias de ventila\u00e7\u00e3o, ilumina\u00e7\u00e3o natural e acesso a servi\u00e7os b\u00e1sicos. Al\u00e9m disso, segundo apurado pelo Jornal Brazilian Press, o cronograma de ativa\u00e7\u00e3o da unidade estaria sendo acelerado para atender a novas diretrizes de fiscaliza\u00e7\u00e3o de fronteira, o que intensificou o temor de que os protocolos de seguran\u00e7a e bem-estar n\u00e3o sejam devidamente fiscalizados.<\/p>\n<p>No \u00e2mbito comunit\u00e1rio, o clima \u00e9 de incerteza. Residentes locais expressam preocupa\u00e7\u00e3o com a desvaloriza\u00e7\u00e3o imobili\u00e1ria e o aumento da presen\u00e7a policial ostensiva, enquanto advogados de imigra\u00e7\u00e3o argumentam que a localiza\u00e7\u00e3o isolada do centro dificulta o acesso dos detidos a aconselhamento jur\u00eddico e ao contato com familiares. Enquanto o governo mant\u00e9m o posicionamento de que a unidade cumpre todos os requisitos legais para opera\u00e7\u00e3o, as organiza\u00e7\u00f5es civis prometem levar a disputa aos tribunais federais para tentar paralisar as atividades antes que as primeiras transfer\u00eancias de custodiados sejam conclu\u00eddas.<\/p>\n","protected":false},"excerpt":{"rendered":"<p>A instala\u00e7\u00e3o de um novo centro de deten\u00e7\u00e3o em massa sob responsabilidade do Immigration and Customs Enforcement (ICE), em um antigo armaz\u00e9m industrial no estado da Ge\u00f3rgia, tornou-se o epicentro de uma intensa onda de manifesta\u00e7\u00f5es e debates jur\u00eddicos. O projeto, que visa ampliar drasticamente a capacidade de cust\u00f3dia de imigrantes na regi\u00e3o, \u00e9 visto pelas autoridades federais como uma solu\u00e7\u00e3o log\u00edstica para a satura\u00e7\u00e3o do sistema atual, mas tem enfrentado resist\u00eancia ferrenha de grupos de direitos humanos e moradores das \u00e1reas adjacentes. A controv\u00e9rsia escalou nos \u00faltimos dias \u00e0 medida que detalhes sobre a estrutura do local vieram a [&hellip;]<\/p>\n","protected":false},"author":1,"featured_media":62324,"comment_status":"open","ping_status":"closed","sticky":false,"template":"","format":"standard","meta":{"_links_to":"","_links_to_target":""},"categories":[3,1,10],"tags":[],"views":398,"_links":{"self":[{"href":"https:\/\/www.brazilianpress.com\/v1\/wp-json\/wp\/v2\/posts\/62323"}],"collection":[{"href":"https:\/\/www.brazilianpress.com\/v1\/wp-json\/wp\/v2\/posts"}],"about":[{"href":"https:\/\/www.brazilianpress.com\/v1\/wp-json\/wp\/v2\/types\/post"}],"author":[{"embeddable":true,"href":"https:\/\/www.brazilianpress.com\/v1\/wp-json\/wp\/v2\/users\/1"}],"replies":[{"embeddable":true,"href":"https:\/\/www.brazilianpress.com\/v1\/wp-json\/wp\/v2\/comments?post=62323"}],"version-history":[{"count":1,"href":"https:\/\/www.brazilianpress.com\/v1\/wp-json\/wp\/v2\/posts\/62323\/revisions"}],"predecessor-version":[{"id":62325,"href":"https:\/\/www.brazilianpress.com\/v1\/wp-json\/wp\/v2\/posts\/62323\/revisions\/62325"}],"wp:featuredmedia":[{"embeddable":true,"href":"https:\/\/www.brazilianpress.com\/v1\/wp-json\/wp\/v2\/media\/62324"}],"wp:attachment":[{"href":"https:\/\/www.brazilianpress.com\/v1\/wp-json\/wp\/v2\/media?parent=62323"}],"wp:term":[{"taxonomy":"category","embeddable":true,"href":"https:\/\/www.brazilianpress.com\/v1\/wp-json\/wp\/v2\/categories?post=62323"},{"taxonomy":"post_tag","embeddable":true,"href":"https:\/\/www.brazilianpress.com\/v1\/wp-json\/wp\/v2\/tags?post=62323"}],"curies":[{"name":"wp","href":"https:\/\/api.w.org\/{rel}","templated":true}]}}