{"id":62341,"date":"2026-03-11T19:37:59","date_gmt":"2026-03-11T23:37:59","guid":{"rendered":"https:\/\/www.brazilianpress.com\/v1\/?p=62341"},"modified":"2026-03-11T19:37:59","modified_gmt":"2026-03-11T23:37:59","slug":"airbnb-pagara-us-75000-aos-proprietarios-de-imoveis-para-alugarem-suas-casas-para-a-temporada-da-copa-do-mundo","status":"publish","type":"post","link":"https:\/\/www.brazilianpress.com\/v1\/2026\/03\/11\/airbnb-pagara-us-75000-aos-proprietarios-de-imoveis-para-alugarem-suas-casas-para-a-temporada-da-copa-do-mundo\/","title":{"rendered":"Airbnb pagar\u00e1 US$ 750,00 aos propriet\u00e1rios de im\u00f3veis para alugarem suas casas para a temporada da Copa do Mundo"},"content":{"rendered":"<p><strong>Antecipando a monumental\u00a0Copa do Mundo da FIFA de 2026, a empresa de aluguel est\u00e1 oferecendo aos propriet\u00e1rios US$ 750 para anunciarem seus im\u00f3veis no Airbnb.<\/strong><\/p>\n<p>&#8220;Com esta oferta, novos anfitri\u00f5es que alugam casas inteiras em qualquer uma das 16 cidades-sede da Copa do Mundo no Canad\u00e1, M\u00e9xico e Estados Unidos, e que receberem seus primeiros h\u00f3spedes entre hoje e 31 de julho de 2026, ter\u00e3o direito a receber US$ 750&#8221;, anunciou a empresa em comunicado.<\/p>\n<p>A demanda por im\u00f3veis para alugar est\u00e1 em alta, de acordo com a empresa, enquanto os preparativos continuam para uma das maiores opera\u00e7\u00f5es esportivas do mundo neste ver\u00e3o.<\/p>\n<p>\u00c9 preciso ler as letras mi\u00fadas antes de se cadastrar.<\/p>\n<p>Para ser eleg\u00edvel para os US$ 750, voc\u00ea precisa ser um anfitri\u00e3o do Airbnb pela primeira vez ou n\u00e3o ter nenhum an\u00fancio ativo em 1\u00ba de fevereiro deste ano. Al\u00e9m disso, precisa morar em um local pr\u00f3ximo a uma das cidades anfitri\u00e3s. Veja a lista dos locais dos eventos\u00a0<a href=\"https:\/\/www.airbnb.com\/e\/fifa-new-host#terms\">aqui<\/a>.<\/p>\n<p>A Copa do Mundo FIFA 2026\u00a0ser\u00e1 realizada em 16 cidades da Am\u00e9rica do Norte. O torneio acontecer\u00e1 de quinta-feira, 11 de junho, a domingo, 19 de julho.<\/p>\n<p>Esta ser\u00e1 a segunda vez que uma Copa do Mundo masculina ser\u00e1 realizada em v\u00e1rios pa\u00edses, j\u00e1 que partidas foram disputadas tanto na Coreia do Sul quanto no Jap\u00e3o em 2002.<\/p>\n","protected":false},"excerpt":{"rendered":"<p>Antecipando a monumental\u00a0Copa do Mundo da FIFA de 2026, a empresa de aluguel est\u00e1 oferecendo aos propriet\u00e1rios US$ 750 para anunciarem seus im\u00f3veis no Airbnb. &#8220;Com esta oferta, novos anfitri\u00f5es que alugam casas inteiras em qualquer uma das 16 cidades-sede da Copa do Mundo no Canad\u00e1, M\u00e9xico e Estados Unidos, e que receberem seus primeiros h\u00f3spedes entre hoje e 31 de julho de 2026, ter\u00e3o direito a receber US$ 750&#8221;, anunciou a empresa em comunicado. A demanda por im\u00f3veis para alugar est\u00e1 em alta, de acordo com a empresa, enquanto os preparativos continuam para uma das maiores opera\u00e7\u00f5es esportivas do [&hellip;]<\/p>\n","protected":false},"author":1,"featured_media":62342,"comment_status":"open","ping_status":"closed","sticky":false,"template":"","format":"standard","meta":{"_links_to":"","_links_to_target":""},"categories":[3,1,10],"tags":[],"views":443,"_links":{"self":[{"href":"https:\/\/www.brazilianpress.com\/v1\/wp-json\/wp\/v2\/posts\/62341"}],"collection":[{"href":"https:\/\/www.brazilianpress.com\/v1\/wp-json\/wp\/v2\/posts"}],"about":[{"href":"https:\/\/www.brazilianpress.com\/v1\/wp-json\/wp\/v2\/types\/post"}],"author":[{"embeddable":true,"href":"https:\/\/www.brazilianpress.com\/v1\/wp-json\/wp\/v2\/users\/1"}],"replies":[{"embeddable":true,"href":"https:\/\/www.brazilianpress.com\/v1\/wp-json\/wp\/v2\/comments?post=62341"}],"version-history":[{"count":1,"href":"https:\/\/www.brazilianpress.com\/v1\/wp-json\/wp\/v2\/posts\/62341\/revisions"}],"predecessor-version":[{"id":62343,"href":"https:\/\/www.brazilianpress.com\/v1\/wp-json\/wp\/v2\/posts\/62341\/revisions\/62343"}],"wp:featuredmedia":[{"embeddable":true,"href":"https:\/\/www.brazilianpress.com\/v1\/wp-json\/wp\/v2\/media\/62342"}],"wp:attachment":[{"href":"https:\/\/www.brazilianpress.com\/v1\/wp-json\/wp\/v2\/media?parent=62341"}],"wp:term":[{"taxonomy":"category","embeddable":true,"href":"https:\/\/www.brazilianpress.com\/v1\/wp-json\/wp\/v2\/categories?post=62341"},{"taxonomy":"post_tag","embeddable":true,"href":"https:\/\/www.brazilianpress.com\/v1\/wp-json\/wp\/v2\/tags?post=62341"}],"curies":[{"name":"wp","href":"https:\/\/api.w.org\/{rel}","templated":true}]}}