{"id":62347,"date":"2026-03-11T19:44:13","date_gmt":"2026-03-11T23:44:13","guid":{"rendered":"https:\/\/www.brazilianpress.com\/v1\/?p=62347"},"modified":"2026-03-11T19:44:13","modified_gmt":"2026-03-11T23:44:13","slug":"entre-janeiro-e-inicio-de-marco-onze-pessoas-morreram-sob-custodia-do-ice-nos-eua-em-2026","status":"publish","type":"post","link":"https:\/\/www.brazilianpress.com\/v1\/2026\/03\/11\/entre-janeiro-e-inicio-de-marco-onze-pessoas-morreram-sob-custodia-do-ice-nos-eua-em-2026\/","title":{"rendered":"Entre janeiro e in\u00edcio de mar\u00e7o, onze pessoas morreram sob cust\u00f3dia do ICE nos EUA em 2026"},"content":{"rendered":"<p><strong>Pelo menos 11 imigrantes morreram sob cust\u00f3dia do Servi\u00e7o de Imigra\u00e7\u00e3o e Alf\u00e2ndega entre janeiro de 2026 e o in\u00edcio de mar\u00e7o, segundo a ag\u00eancia. No ano passado, ocorreram 31 mortes, o maior n\u00famero em duas d\u00e9cadas<\/strong><\/p>\n<p>Confira os casos<\/p>\n<p>Emanuel Cleeford Damas morreu em 2 de mar\u00e7o, em um hospital em Scottsdale, Arizona. Ele era haitiano. O ICE informou que Damas foi detido ap\u00f3s ser preso por acusa\u00e7\u00f5es de agress\u00e3o em setembro de 2025 em Boston e transferido para o Florence Detention Center, em Arizona.<\/p>\n<p>Pejman Karshenas Najafabadi morreu em 1\u00ba de mar\u00e7o em um hospital em Natchez, Mississippi. Ele era iraniano e tinha 59 anos. O ICE informou que Karshenas foi detido em abril de 2025 ap\u00f3s ser condenado por posse de fentanil.<\/p>\n<p>Alberto Gutierrez Reyes morreu em 27 de fevereiro em um centro m\u00e9dico em Victorville, Calif\u00f3rnia. Ele era mexicano e tinha 48 anos. Gutierrez foi preso por agentes da Patrulha de Fronteira em Los Angeles em janeiro, segundo o ICE.<\/p>\n<p>Jairo Garcia Hernandez morreu em 16 de fevereiro em um hospital em Miami. Ele era guatemalteco, com 27 anos. O ICE informou que Garcia foi detido ap\u00f3s ser abordado pela pol\u00edcia local perto de Rochester, New York, em 21 de janeiro de 2025.<\/p>\n<p>Lorth Sim morreu em 16 de fevereiro no Miami Correctional Facility, em Miami County, Indiana. Ele era cambojano, com 59 anos. Entrou nos EUA como refugiado em 1983, mas havia sido ordem de deporta\u00e7\u00e3o ap\u00f3s v\u00e1rias condena\u00e7\u00f5es, segundo o ICE. Ele foi detido ao chegar a um escrit\u00f3rio do ICE em Boston em 30 de dezembro de 2025 e depois transferido para o centro de deten\u00e7\u00e3o em Indiana.<\/p>\n<p>Victor Manuel Diaz morreu em 14 de janeiro no Camp East Montana, em El Paso, Texas. Ele era nicaraguense, com 36 anos. Funcion\u00e1rios do centro de deten\u00e7\u00e3o, localizado nas depend\u00eancias do Fort Bliss, encontraram Diaz inconsciente em seu quarto em 14 de janeiro e ele foi declarado morto pouco depois.<\/p>\n<p>Heber Sanchez Dom\u00ednguez morreu em 14 de janeiro no Robert A. Deyton Detention Center, em Lovejoy, Ge\u00f3rgia. Ele era mexicano, com 34 anos. Sanchez foi detido pelo ICE ap\u00f3s ser preso na Ge\u00f3rgia por dirigir sem habilita\u00e7\u00e3o.<\/p>\n<p>Parady La morreu em 9 de janeiro em um hospital na Filad\u00e9lfia. Ele era cambojano, com 46 anos. O ICE informou que La estava detido no Federal Detention Center da Filad\u00e9lfia ap\u00f3s sua pris\u00e3o em 6 de janeiro e estava sendo tratado por &#8220;abstin\u00eancia severa de drogas&#8221; quando foi encontrado inconsciente em sua cela.<\/p>\n<p>Luis Beltran Yanez-Cruz morreu em 6 de janeiro em um hospital em Indio, Calif\u00f3rnia. Ele era hondurenho, com 68 anos. Beltran foi preso por agentes federais de imigra\u00e7\u00e3o em Newark, New Jersey, em novembro, segundo o ICE.<\/p>\n<p>Luis Gustavo Nunez Caceres morreu em 5 de janeiro em um hospital na \u00e1rea de Houston. Ele era hondurenho, com 42 anos. Nunez foi preso durante uma opera\u00e7\u00e3o de imigra\u00e7\u00e3o em Houston em 17 de novembro de 2025.<\/p>\n<p>Geraldo Lunas Campos morreu em 3 de janeiro no Camp East Montana, em El Paso, Texas. Ele era cubano, com 55 anos. Lunas morreu em um centro de deten\u00e7\u00e3o inaugurado pela administra\u00e7\u00e3o Trump nas depend\u00eancias do Fort Bliss, no Texas, segundo o ICE.<\/p>\n","protected":false},"excerpt":{"rendered":"<p>Pelo menos 11 imigrantes morreram sob cust\u00f3dia do Servi\u00e7o de Imigra\u00e7\u00e3o e Alf\u00e2ndega entre janeiro de 2026 e o in\u00edcio de mar\u00e7o, segundo a ag\u00eancia. No ano passado, ocorreram 31 mortes, o maior n\u00famero em duas d\u00e9cadas Confira os casos Emanuel Cleeford Damas morreu em 2 de mar\u00e7o, em um hospital em Scottsdale, Arizona. Ele era haitiano. O ICE informou que Damas foi detido ap\u00f3s ser preso por acusa\u00e7\u00f5es de agress\u00e3o em setembro de 2025 em Boston e transferido para o Florence Detention Center, em Arizona. Pejman Karshenas Najafabadi morreu em 1\u00ba de mar\u00e7o em um hospital em Natchez, Mississippi. [&hellip;]<\/p>\n","protected":false},"author":1,"featured_media":44589,"comment_status":"open","ping_status":"closed","sticky":false,"template":"","format":"standard","meta":{"_links_to":"","_links_to_target":""},"categories":[4,3,1],"tags":[],"views":500,"_links":{"self":[{"href":"https:\/\/www.brazilianpress.com\/v1\/wp-json\/wp\/v2\/posts\/62347"}],"collection":[{"href":"https:\/\/www.brazilianpress.com\/v1\/wp-json\/wp\/v2\/posts"}],"about":[{"href":"https:\/\/www.brazilianpress.com\/v1\/wp-json\/wp\/v2\/types\/post"}],"author":[{"embeddable":true,"href":"https:\/\/www.brazilianpress.com\/v1\/wp-json\/wp\/v2\/users\/1"}],"replies":[{"embeddable":true,"href":"https:\/\/www.brazilianpress.com\/v1\/wp-json\/wp\/v2\/comments?post=62347"}],"version-history":[{"count":1,"href":"https:\/\/www.brazilianpress.com\/v1\/wp-json\/wp\/v2\/posts\/62347\/revisions"}],"predecessor-version":[{"id":62348,"href":"https:\/\/www.brazilianpress.com\/v1\/wp-json\/wp\/v2\/posts\/62347\/revisions\/62348"}],"wp:featuredmedia":[{"embeddable":true,"href":"https:\/\/www.brazilianpress.com\/v1\/wp-json\/wp\/v2\/media\/44589"}],"wp:attachment":[{"href":"https:\/\/www.brazilianpress.com\/v1\/wp-json\/wp\/v2\/media?parent=62347"}],"wp:term":[{"taxonomy":"category","embeddable":true,"href":"https:\/\/www.brazilianpress.com\/v1\/wp-json\/wp\/v2\/categories?post=62347"},{"taxonomy":"post_tag","embeddable":true,"href":"https:\/\/www.brazilianpress.com\/v1\/wp-json\/wp\/v2\/tags?post=62347"}],"curies":[{"name":"wp","href":"https:\/\/api.w.org\/{rel}","templated":true}]}}