{"id":62352,"date":"2026-03-15T06:56:12","date_gmt":"2026-03-15T10:56:12","guid":{"rendered":"https:\/\/www.brazilianpress.com\/v1\/?p=62352"},"modified":"2026-03-15T06:57:13","modified_gmt":"2026-03-15T10:57:13","slug":"lula-so-libera-entrada-de-assessor-de-trump-no-brasil-se-eua-recuperar-visto-de-entrada-do-ministro-padilha","status":"publish","type":"post","link":"https:\/\/www.brazilianpress.com\/v1\/2026\/03\/15\/lula-so-libera-entrada-de-assessor-de-trump-no-brasil-se-eua-recuperar-visto-de-entrada-do-ministro-padilha\/","title":{"rendered":"Lula s\u00f3 libera entrada de assessor de Trump no Brasil se EUA recuperar visto de entrada do ministro Padilha"},"content":{"rendered":"<p><strong>O cen\u00e1rio diplom\u00e1tico entre Bras\u00edlia e Washington atingiu um novo patamar de tens\u00e3o nesta semana. O presidente Luiz In\u00e1cio Lula da Silva anunciou formalmente a proibi\u00e7\u00e3o da entrada de Darren Beattie, consultor s\u00eanior do Departamento de Estado dos Estados Unidos e aliado pr\u00f3ximo de Donald Trump, em territ\u00f3rio nacional. A decis\u00e3o, descrita como uma medida de soberania, surge como uma resposta direta \u00e0s restri\u00e7\u00f5es impostas pelo governo republicano contra autoridades brasileiras.<\/strong><\/p>\n<p>A controv\u00e9rsia central gira em torno do ministro da Sa\u00fade, Alexandre Padilha. No ano passado, a administra\u00e7\u00e3o de Trump revogou os vistos de entrada de Padilha, de sua esposa e at\u00e9 mesmo de sua filha de 10 anos. O pretexto utilizado por Washington envolveria quest\u00f5es relacionadas ao programa Mais M\u00e9dicos, mas a medida foi interpretada pelo Pal\u00e1cio do Planalto como uma persegui\u00e7\u00e3o pol\u00edtica injustificada contra membros do primeiro escal\u00e3o do governo brasileiro.<\/p>\n<p><img src=\"https:\/\/s2-g1.glbimg.com\/l-28VhmBa5gwprDJuTJxRSDynmI=\/0x0:1920x1080\/984x0\/smart\/filters:strip_icc()\/i.s3.glbimg.com\/v1\/AUTH_59edd422c0c84a879bd37670ae4f538a\/internal_photos\/bs\/2026\/g\/p\/G5JD7IS92mx47nzxIKfg\/design-sem-nome-2026-02-27t111804.128.jpg\" alt=\"Darren Beattie, pol\u00edtico de extrema direita nomeado para cargo de 'assessor s\u00eanior para a pol\u00edtica em rela\u00e7\u00e3o ao Brasil'. \u2014 Foto: Divulga\u00e7\u00e3o\/Departamento de Estado dos EUA\" \/><\/p>\n<p>Durante um evento oficial no Rio de Janeiro, o presidente Lula foi enf\u00e1tico ao declarar que a hospitalidade brasileira est\u00e1 condicionada ao respeito m\u00fatuo. Ele afirmou que n\u00e3o permitir\u00e1 a entrada do emiss\u00e1rio norte-americano enquanto os direitos de viagem de seu ministro e familiares n\u00e3o forem devidamente restaurados. &#8220;Eu o proibi de vir ao Brasil enquanto n\u00e3o liberar os vistos do meu ministro&#8221;, pontuou o mandat\u00e1rio, refor\u00e7ando que a prote\u00e7\u00e3o de seus auxiliares \u00e9 uma prioridade de sua gest\u00e3o.<\/p>\n<p>Al\u00e9m do embate sobre os vistos, o Itamaraty e o Supremo Tribunal Federal tamb\u00e9m manifestaram preocupa\u00e7\u00f5es com a agenda de Beattie. O assessor pretendia realizar uma visita a Jair Bolsonaro, que se encontra detido, o que foi classificado pelo chanceler Mauro Vieira como uma &#8220;indevida inger\u00eancia&#8221; nos assuntos internos do pa\u00eds, especialmente por ocorrer em um ano de movimenta\u00e7\u00f5es eleitorais. Segundo apurado pelo Jornal Brazilian Press, a diplomacia brasileira identificou que o pedido inicial de visto para o assessor omitiu o real prop\u00f3sito da viagem, o que deu base legal para a revoga\u00e7\u00e3o do documento por parte das autoridades nacionais.<\/p>\n<p>O epis\u00f3dio reflete o atual estado de distanciamento entre as duas maiores pot\u00eancias das Am\u00e9ricas. Enquanto o governo Trump mant\u00e9m uma lista de autoridades brasileiras com vistos suspensos \u2014 que inclui nomes do Judici\u00e1rio e do Executivo \u2014, o governo Lula sinaliza que utilizar\u00e1 a reciprocidade diplom\u00e1tica como ferramenta de press\u00e3o. O desfecho desse impasse agora depende de negocia\u00e7\u00f5es em alto n\u00edvel, em um momento em que a coopera\u00e7\u00e3o em \u00e1reas como seguran\u00e7a e com\u00e9rcio tamb\u00e9m enfrenta desafios significativos.<\/p>\n","protected":false},"excerpt":{"rendered":"<p>O cen\u00e1rio diplom\u00e1tico entre Bras\u00edlia e Washington atingiu um novo patamar de tens\u00e3o nesta semana. O presidente Luiz In\u00e1cio Lula da Silva anunciou formalmente a proibi\u00e7\u00e3o da entrada de Darren Beattie, consultor s\u00eanior do Departamento de Estado dos Estados Unidos e aliado pr\u00f3ximo de Donald Trump, em territ\u00f3rio nacional. A decis\u00e3o, descrita como uma medida de soberania, surge como uma resposta direta \u00e0s restri\u00e7\u00f5es impostas pelo governo republicano contra autoridades brasileiras. A controv\u00e9rsia central gira em torno do ministro da Sa\u00fade, Alexandre Padilha. No ano passado, a administra\u00e7\u00e3o de Trump revogou os vistos de entrada de Padilha, de sua esposa [&hellip;]<\/p>\n","protected":false},"author":1,"featured_media":62353,"comment_status":"open","ping_status":"closed","sticky":false,"template":"","format":"standard","meta":{"_links_to":"","_links_to_target":""},"categories":[7,3,1],"tags":[],"views":577,"_links":{"self":[{"href":"https:\/\/www.brazilianpress.com\/v1\/wp-json\/wp\/v2\/posts\/62352"}],"collection":[{"href":"https:\/\/www.brazilianpress.com\/v1\/wp-json\/wp\/v2\/posts"}],"about":[{"href":"https:\/\/www.brazilianpress.com\/v1\/wp-json\/wp\/v2\/types\/post"}],"author":[{"embeddable":true,"href":"https:\/\/www.brazilianpress.com\/v1\/wp-json\/wp\/v2\/users\/1"}],"replies":[{"embeddable":true,"href":"https:\/\/www.brazilianpress.com\/v1\/wp-json\/wp\/v2\/comments?post=62352"}],"version-history":[{"count":1,"href":"https:\/\/www.brazilianpress.com\/v1\/wp-json\/wp\/v2\/posts\/62352\/revisions"}],"predecessor-version":[{"id":62354,"href":"https:\/\/www.brazilianpress.com\/v1\/wp-json\/wp\/v2\/posts\/62352\/revisions\/62354"}],"wp:featuredmedia":[{"embeddable":true,"href":"https:\/\/www.brazilianpress.com\/v1\/wp-json\/wp\/v2\/media\/62353"}],"wp:attachment":[{"href":"https:\/\/www.brazilianpress.com\/v1\/wp-json\/wp\/v2\/media?parent=62352"}],"wp:term":[{"taxonomy":"category","embeddable":true,"href":"https:\/\/www.brazilianpress.com\/v1\/wp-json\/wp\/v2\/categories?post=62352"},{"taxonomy":"post_tag","embeddable":true,"href":"https:\/\/www.brazilianpress.com\/v1\/wp-json\/wp\/v2\/tags?post=62352"}],"curies":[{"name":"wp","href":"https:\/\/api.w.org\/{rel}","templated":true}]}}