{"id":62371,"date":"2026-03-20T17:35:20","date_gmt":"2026-03-20T21:35:20","guid":{"rendered":"https:\/\/www.brazilianpress.com\/v1\/?p=62371"},"modified":"2026-03-20T17:35:20","modified_gmt":"2026-03-20T21:35:20","slug":"encontrado-com-ajuda-de-ia-canadense-vivia-em-situacao-de-rua-no-brasil-e-foi-enterrado-como-indigente","status":"publish","type":"post","link":"https:\/\/www.brazilianpress.com\/v1\/2026\/03\/20\/encontrado-com-ajuda-de-ia-canadense-vivia-em-situacao-de-rua-no-brasil-e-foi-enterrado-como-indigente\/","title":{"rendered":"Encontrado com ajuda de IA, canadense vivia em situa\u00e7\u00e3o de rua no Brasil e foi enterrado como indigente"},"content":{"rendered":"<p><strong>O canadense Karl Van Roon, que desaparecido h\u00e1 quatro anos, foi localizado pela fam\u00edlia com ajuda de Intelig\u00eancia Artificial\u00a0,\u00a0vivia em situa\u00e7\u00e3o de rua em Santos, no litoral de S\u00e3o Paulo. E foi enterrado como indigente ap\u00f3s sofrer embolia pulmonar em 2024.<\/strong><\/p>\n<p>Karl saiu de Vancouver, no Canad\u00e1, em 2022, e nunca mais entrou em contato com a fam\u00edlia. Os pais, Heidi e Terry Van Roon, tentaram diferentes meios para descobrir onde o filho estava, mas foi apenas em 2025 que eles colocaram uma foto dele em uma ferramenta de intelig\u00eancia artificial e chegaram a uma reportagem de A Tribuna publicada em 8 de junho de 2024.<\/p>\n<p><img src=\"https:\/\/s2-g1.glbimg.com\/oeVZfwqGHmfONyZD3nUVfDjP9L8=\/0x0:1200x800\/984x0\/smart\/filters:strip_icc()\/i.s3.glbimg.com\/v1\/AUTH_59edd422c0c84a879bd37670ae4f538a\/internal_photos\/bs\/2026\/T\/A\/fg1PmsTXqxDBLNZtZcDA\/canadense-santos-1-.jpg\" alt=\"Canadense achado com ajuda de IA foi enterrado como indigente | G1\" \/><\/p>\n<p>Conforme relatado na reportagem, o homem foi abordado por equipes da Secretaria de Desenvolvimento Social de Santos, mas n\u00e3o aceitou acolhimento. N\u00e3o h\u00e1 detalhes sobre o que aconteceu para ele n\u00e3o entrar em contato com a fam\u00edlia e passar a viver em situa\u00e7\u00e3o de rua.<\/p>\n<p>Ap\u00f3s encontrarem o filho na reportagem, os pais conseguiram contato com a Pol\u00edcia Civil de Santos, mas a resposta n\u00e3o foi a esperada. Karl foi encontrado morto aos 39 anos, em uma cal\u00e7ada da Rua Braz Cubas, no dia 9 de junho de 2024.<\/p>\n<p>Em nota enviada,\u00a0a secretaria informou que a morte de Karl foi registrada como de pessoa n\u00e3o identificada. Por este motivo, o sepultamento foi realizado gratuitamente no Cemit\u00e9rio da Areia Branca, em 18 de junho de 2024.<\/p>\n<p>O delegado Thiago Nemi Bonametti, da 3\u00aa Delegacia de Pol\u00edcia de Investiga\u00e7\u00e3o sobre Homic\u00eddios de Santos, contou que\u00a0a fam\u00edlia reconheceu o canadense por meio de fotografias do corpo no Instituto M\u00e9dico Legal (IML). Ele acrescentou que a ficha de identifica\u00e7\u00e3o do cad\u00e1ver foi enviada \u00e0 pol\u00edcia de Vancouver, onde as impress\u00f5es digitais de Karl foram confirmadas.<br \/>\nApesar da perda, a sensa\u00e7\u00e3o da fam\u00edlia do canadense tamb\u00e9m foi de al\u00edvio pelo fim das buscas. &#8220;Agora, podemos come\u00e7ar a viver o luto de verdade. Agora, sabemos que n\u00e3o est\u00e1 aqui&#8221;, afirmou o pai do canadense.<\/p>\n","protected":false},"excerpt":{"rendered":"<p>O canadense Karl Van Roon, que desaparecido h\u00e1 quatro anos, foi localizado pela fam\u00edlia com ajuda de Intelig\u00eancia Artificial\u00a0,\u00a0vivia em situa\u00e7\u00e3o de rua em Santos, no litoral de S\u00e3o Paulo. E foi enterrado como indigente ap\u00f3s sofrer embolia pulmonar em 2024. Karl saiu de Vancouver, no Canad\u00e1, em 2022, e nunca mais entrou em contato com a fam\u00edlia. Os pais, Heidi e Terry Van Roon, tentaram diferentes meios para descobrir onde o filho estava, mas foi apenas em 2025 que eles colocaram uma foto dele em uma ferramenta de intelig\u00eancia artificial e chegaram a uma reportagem de A Tribuna publicada [&hellip;]<\/p>\n","protected":false},"author":1,"featured_media":62372,"comment_status":"open","ping_status":"closed","sticky":false,"template":"","format":"standard","meta":{"_links_to":"","_links_to_target":""},"categories":[7,3],"tags":[],"views":601,"_links":{"self":[{"href":"https:\/\/www.brazilianpress.com\/v1\/wp-json\/wp\/v2\/posts\/62371"}],"collection":[{"href":"https:\/\/www.brazilianpress.com\/v1\/wp-json\/wp\/v2\/posts"}],"about":[{"href":"https:\/\/www.brazilianpress.com\/v1\/wp-json\/wp\/v2\/types\/post"}],"author":[{"embeddable":true,"href":"https:\/\/www.brazilianpress.com\/v1\/wp-json\/wp\/v2\/users\/1"}],"replies":[{"embeddable":true,"href":"https:\/\/www.brazilianpress.com\/v1\/wp-json\/wp\/v2\/comments?post=62371"}],"version-history":[{"count":1,"href":"https:\/\/www.brazilianpress.com\/v1\/wp-json\/wp\/v2\/posts\/62371\/revisions"}],"predecessor-version":[{"id":62373,"href":"https:\/\/www.brazilianpress.com\/v1\/wp-json\/wp\/v2\/posts\/62371\/revisions\/62373"}],"wp:featuredmedia":[{"embeddable":true,"href":"https:\/\/www.brazilianpress.com\/v1\/wp-json\/wp\/v2\/media\/62372"}],"wp:attachment":[{"href":"https:\/\/www.brazilianpress.com\/v1\/wp-json\/wp\/v2\/media?parent=62371"}],"wp:term":[{"taxonomy":"category","embeddable":true,"href":"https:\/\/www.brazilianpress.com\/v1\/wp-json\/wp\/v2\/categories?post=62371"},{"taxonomy":"post_tag","embeddable":true,"href":"https:\/\/www.brazilianpress.com\/v1\/wp-json\/wp\/v2\/tags?post=62371"}],"curies":[{"name":"wp","href":"https:\/\/api.w.org\/{rel}","templated":true}]}}