{"id":62374,"date":"2026-03-20T17:40:02","date_gmt":"2026-03-20T21:40:02","guid":{"rendered":"https:\/\/www.brazilianpress.com\/v1\/?p=62374"},"modified":"2026-03-20T17:40:02","modified_gmt":"2026-03-20T21:40:02","slug":"pela-primeira-vez-presidente-donald-trump-admite-ter-exagerado-na-politica-anti-imigracao","status":"publish","type":"post","link":"https:\/\/www.brazilianpress.com\/v1\/2026\/03\/20\/pela-primeira-vez-presidente-donald-trump-admite-ter-exagerado-na-politica-anti-imigracao\/","title":{"rendered":"Pela primeira vez, presidente Donald Trump admite ter &#8220;exagerado&#8221; na pol\u00edtica anti-imigra\u00e7\u00e3o"},"content":{"rendered":"<p data-path-to-node=\"2\"><strong>O cen\u00e1rio pol\u00edtico em Washington experimenta uma mudan\u00e7a de tom significativa com a recente admiss\u00e3o do presidente Donald Trump sobre os rumos de sua pol\u00edtica migrat\u00f3ria. Em conversas reservadas com conselheiros pr\u00f3ximos, o republicano reconheceu que a estrat\u00e9gia de &#8220;deporta\u00e7\u00e3o em massa&#8221;, um dos pilares de sua plataforma, acabou indo longe demais.<\/strong><\/p>\n<p data-path-to-node=\"2\">Essa percep\u00e7\u00e3o de excesso surge em um momento cr\u00edtico, motivada pela observa\u00e7\u00e3o de que as opera\u00e7\u00f5es de larga escala geraram desconforto n\u00e3o apenas na oposi\u00e7\u00e3o, mas tamb\u00e9m em fatias importantes do eleitorado conservador.<\/p>\n<p data-path-to-node=\"3\">A articula\u00e7\u00e3o para recalcular a rota do governo federal conta com a influ\u00eancia direta de figuras centrais da Casa Branca, como a chefe de gabinete Susie Wiles. A estrat\u00e9gia agora visa suavizar a imagem p\u00fablica da administra\u00e7\u00e3o antes das elei\u00e7\u00f5es de meio de mandato, as chamadas <i data-path-to-node=\"3\" data-index-in-node=\"278\">midterms<\/i>, que definir\u00e3o o controle do Congresso. Para evitar o desgaste pol\u00edtico causado por cenas de caos em grandes centros urbanos, a nova diretriz foca no monitoramento e pris\u00e3o de imigrantes com antecedentes criminais, distanciando-se das opera\u00e7\u00f5es abrangentes que marcaram os \u00faltimos meses.<\/p>\n<p data-path-to-node=\"4\">O impacto dessa nova orienta\u00e7\u00e3o j\u00e1 \u00e9 vis\u00edvel nos dados operacionais das ag\u00eancias de imigra\u00e7\u00e3o. Houve uma redu\u00e7\u00e3o estat\u00edstica no n\u00famero di\u00e1rio de deten\u00e7\u00f5es, e grandes a\u00e7\u00f5es policiais foram temporariamente suspensas em cidades estrat\u00e9gicas governadas por democratas, como Chicago e Washington. Embora o discurso oficial da Casa Branca tente manter uma apar\u00eancia de continuidade, alegando que o foco em criminosos sempre foi o objetivo principal, as movimenta\u00e7\u00f5es internas sugerem um claro esfor\u00e7o de conten\u00e7\u00e3o de danos.<\/p>\n<p data-path-to-node=\"5\">A mudan\u00e7a de postura tamb\u00e9m \u00e9 uma resposta direta a epis\u00f3dios de viol\u00eancia ocorridos durante a\u00e7\u00f5es do ICE, a pol\u00edcia imigrat\u00f3ria, que resultaram na morte de cidad\u00e3os americanos e elevaram a tens\u00e3o social. Conforme apurado pelo Jornal Brazilian Press, o governo busca agora um equil\u00edbrio sens\u00edvel entre manter o rigor na fronteira e evitar que a percep\u00e7\u00e3o de trucul\u00eancia comprometa as chances de vit\u00f3ria do Partido Republicano nas urnas em novembro. Sob a supervis\u00e3o de Tom Homan, o &#8220;czar da fronteira&#8221;, a prioridade deve se consolidar na retirada de indiv\u00edduos considerados perigosos, tentando mitigar a imagem de persegui\u00e7\u00e3o generalizada que vinha dominando o debate p\u00fablico.<\/p>\n","protected":false},"excerpt":{"rendered":"<p>O cen\u00e1rio pol\u00edtico em Washington experimenta uma mudan\u00e7a de tom significativa com a recente admiss\u00e3o do presidente Donald Trump sobre os rumos de sua pol\u00edtica migrat\u00f3ria. Em conversas reservadas com conselheiros pr\u00f3ximos, o republicano reconheceu que a estrat\u00e9gia de &#8220;deporta\u00e7\u00e3o em massa&#8221;, um dos pilares de sua plataforma, acabou indo longe demais. Essa percep\u00e7\u00e3o de excesso surge em um momento cr\u00edtico, motivada pela observa\u00e7\u00e3o de que as opera\u00e7\u00f5es de larga escala geraram desconforto n\u00e3o apenas na oposi\u00e7\u00e3o, mas tamb\u00e9m em fatias importantes do eleitorado conservador. A articula\u00e7\u00e3o para recalcular a rota do governo federal conta com a influ\u00eancia direta de [&hellip;]<\/p>\n","protected":false},"author":1,"featured_media":62375,"comment_status":"open","ping_status":"closed","sticky":false,"template":"","format":"standard","meta":{"_links_to":"","_links_to_target":""},"categories":[3,1,10],"tags":[],"views":431,"_links":{"self":[{"href":"https:\/\/www.brazilianpress.com\/v1\/wp-json\/wp\/v2\/posts\/62374"}],"collection":[{"href":"https:\/\/www.brazilianpress.com\/v1\/wp-json\/wp\/v2\/posts"}],"about":[{"href":"https:\/\/www.brazilianpress.com\/v1\/wp-json\/wp\/v2\/types\/post"}],"author":[{"embeddable":true,"href":"https:\/\/www.brazilianpress.com\/v1\/wp-json\/wp\/v2\/users\/1"}],"replies":[{"embeddable":true,"href":"https:\/\/www.brazilianpress.com\/v1\/wp-json\/wp\/v2\/comments?post=62374"}],"version-history":[{"count":1,"href":"https:\/\/www.brazilianpress.com\/v1\/wp-json\/wp\/v2\/posts\/62374\/revisions"}],"predecessor-version":[{"id":62376,"href":"https:\/\/www.brazilianpress.com\/v1\/wp-json\/wp\/v2\/posts\/62374\/revisions\/62376"}],"wp:featuredmedia":[{"embeddable":true,"href":"https:\/\/www.brazilianpress.com\/v1\/wp-json\/wp\/v2\/media\/62375"}],"wp:attachment":[{"href":"https:\/\/www.brazilianpress.com\/v1\/wp-json\/wp\/v2\/media?parent=62374"}],"wp:term":[{"taxonomy":"category","embeddable":true,"href":"https:\/\/www.brazilianpress.com\/v1\/wp-json\/wp\/v2\/categories?post=62374"},{"taxonomy":"post_tag","embeddable":true,"href":"https:\/\/www.brazilianpress.com\/v1\/wp-json\/wp\/v2\/tags?post=62374"}],"curies":[{"name":"wp","href":"https:\/\/api.w.org\/{rel}","templated":true}]}}